{"id":89463,"date":"2021-12-03T11:07:42","date_gmt":"2021-12-03T10:07:42","guid":{"rendered":"https:\/\/www.messinaoggi.it\/website\/2021\/12\/03\/illimity-aderisce-al-global-compact-delle-nazioni-unite\/"},"modified":"2021-12-03T11:07:42","modified_gmt":"2021-12-03T10:07:42","slug":"illimity-aderisce-al-global-compact-delle-nazioni-unite","status":"publish","type":"post","link":"https:\/\/www.messinaoggi.it\/website\/2021\/12\/03\/illimity-aderisce-al-global-compact-delle-nazioni-unite\/","title":{"rendered":"Illimity aderisce al Global Compact delle Nazioni Unite"},"content":{"rendered":"<div>MILANO (ITALPRESS) &#8211; Illimity Bank S.p.A. prosegue nel suo percorso di sviluppo sostenibile aderendo al Global Compact delle Nazioni Unite (UNGC), la pi\u00f9 grande iniziativa sul fronte della sostenibilit\u00e0 aziendale al mondo, con oltre 14.300 firmatari provenienti da pi\u00f9 di 160 Paesi. <br \/>Lanciata nel 2000 dal Segretario Generale dell&#8217;ONU, Kofi Annan, il Global Compact nasce dalla volont\u00e0 di promuovere un&#8217;economia globale sostenibile. Il programma prevede che le imprese aderenti si impegnino a rispettare e promuovere i dieci principi universalmente accettati nelle aree dei diritti umani, del lavoro, dell&#8217;ambiente e della lotta alla corruzione, oltre ad agire a sostegno degli Obiettivi di Sviluppo Sostenibile dell&#8217;ONU (SDGs). Rosalba Casiraghi, Presidente di illimity e del Comitato di Sostenibilit\u00e0 della Banca, ha commentato: &#8220;L&#8217;adesione al Global Compact \u00e8 un nuovo importante tassello nel nostro percorso di sviluppo di Banca nativamente sostenibile. illimity nasce infatti per valorizzare il potenziale inespresso di persone e imprese e si \u00e8 impegnata a fornire risposte concrete e a misurarne gli effetti, integrando i criteri ESG nelle strategie e nei modelli di business della Banca. Proseguiremo in questa direzione nella convinzione che la finanza possa e debba rivestire un ruolo fondamentale nello sviluppo di un capitalismo responsabile, convogliando risorse verso investimenti che generino impatti positivi da un punto di vista ambientale e sociale&#8221;. <br \/>Con l&#8217;adesione al Global Compact, illimity prosegue l&#8217;impegno nel suo percorso di sviluppo sostenibile che, in soli due anni di attivit\u00e0, l&#8217;ha portata a conseguire importanti traguardi come il raggiungimento della carbon neutrality e la nascita di fondazione illimity., Sin dall&#8217;inizio la Banca ha posto particolare attenzione alle tematiche ambientali, sociali e di governance (&#8220;ESG&#8221;) integrandole nei processi e nel Piano Strategico del Gruppo. Questa impostazione ha permesso di costruire solide fondamenta della sua strategia di sostenibilit\u00e0, declinata poi in azioni concrete del business che il Gruppo ha deciso di rendicontare gi\u00e0 nel 2020, su base volontaria, nella prima Dichiarazione Non Finanziaria. <br \/>(ITALPRESS).<\/div>\n<div id=\"div-gpt-ad-Messinaoggi.it-DSK-300x250-corpoart\" style=\"text-align:center;margin:0 auto;\"><\/div><\/p><div id=\"videoincontent\" style=\"clear:both\";><\/div>","protected":false},"excerpt":{"rendered":"<p>MILANO (ITALPRESS) &#8211; Illimity Bank S.p.A. prosegue nel suo percorso di sviluppo sostenibile aderendo al Global Compact delle Nazioni Unite (UNGC), la pi\u00f9 grande iniziativa sul fronte della sostenibilit\u00e0 aziendale al mondo, con oltre 14.300 firmatari provenienti da pi\u00f9 di 160 Paesi. Lanciata nel 2000 dal Segretario Generale dell&#8217;ONU, Kofi Annan, il Global Compact nasce [&hellip;]<\/p>\n","protected":false},"author":18,"featured_media":89464,"comment_status":"closed","ping_status":"closed","sticky":false,"template":"","format":"standard","meta":{"ub_ctt_via":"","_mi_skip_tracking":false},"categories":[446],"tags":[783],"featured_image_src":"https:\/\/www.messinaoggi.it\/website\/wp-content\/uploads\/2021\/12\/20211203_0221.jpg","author_info":{"display_name":"Admin","author_link":"https:\/\/www.messinaoggi.it\/website\/author\/admin\/"},"digistream_id":0,"digistream":false,"_links":{"self":[{"href":"https:\/\/www.messinaoggi.it\/website\/wp-json\/wp\/v2\/posts\/89463"}],"collection":[{"href":"https:\/\/www.messinaoggi.it\/website\/wp-json\/wp\/v2\/posts"}],"about":[{"href":"https:\/\/www.messinaoggi.it\/website\/wp-json\/wp\/v2\/types\/post"}],"author":[{"embeddable":true,"href":"https:\/\/www.messinaoggi.it\/website\/wp-json\/wp\/v2\/users\/18"}],"replies":[{"embeddable":true,"href":"https:\/\/www.messinaoggi.it\/website\/wp-json\/wp\/v2\/comments?post=89463"}],"version-history":[{"count":0,"href":"https:\/\/www.messinaoggi.it\/website\/wp-json\/wp\/v2\/posts\/89463\/revisions"}],"wp:featuredmedia":[{"embeddable":true,"href":"https:\/\/www.messinaoggi.it\/website\/wp-json\/wp\/v2\/media\/89464"}],"wp:attachment":[{"href":"https:\/\/www.messinaoggi.it\/website\/wp-json\/wp\/v2\/media?parent=89463"}],"wp:term":[{"taxonomy":"category","embeddable":true,"href":"https:\/\/www.messinaoggi.it\/website\/wp-json\/wp\/v2\/categories?post=89463"},{"taxonomy":"post_tag","embeddable":true,"href":"https:\/\/www.messinaoggi.it\/website\/wp-json\/wp\/v2\/tags?post=89463"}],"curies":[{"name":"wp","href":"https:\/\/api.w.org\/{rel}","templated":true}]}}