{"id":89360,"date":"2021-12-02T13:17:32","date_gmt":"2021-12-02T12:17:32","guid":{"rendered":"https:\/\/www.messinaoggi.it\/website\/2021\/12\/02\/vaccino-al-via-le-somministrazioni-nelle-farmacie-agrigentine\/"},"modified":"2021-12-02T13:17:32","modified_gmt":"2021-12-02T12:17:32","slug":"vaccino-al-via-le-somministrazioni-nelle-farmacie-agrigentine","status":"publish","type":"post","link":"https:\/\/www.messinaoggi.it\/website\/2021\/12\/02\/vaccino-al-via-le-somministrazioni-nelle-farmacie-agrigentine\/","title":{"rendered":"Vaccino, al via le somministrazioni nelle farmacie agrigentine"},"content":{"rendered":"<div>\n<p>PALERMO (ITALPRESS) \u2013 Le farmacie di Agrigento sono pronte a dare il proprio contributo nella battaglia contro il Covid-19: \u00e8 infatti previsto tra il 15 e il 16 dicembre l\u2019avvio delle somministrazioni del vaccino nelle 25 farmacie della provincia. Ad annunciarlo \u00e8 il presidente dell\u2019Ordine dei farmacisti di Agrigento, Maurizio Pace, intervistato telefonicamente dall\u2019Italpress. \u201cSiamo la terz\u2019ultima provincia siciliana a partire grazie all\u2019impegno del direttore generale dell\u2019Asp, Mario Carmelo Zappia, e all\u2019intervento della responsabile del dipartimento del Farmaco, Rina Falletta che \u2013 spiega \u2013 hanno dato l\u2019impennata a un progetto di organizzazione che parte da una sinergia tra le farmacie, grazie a Federfarma Atifar guidata da Pietro Amorelli e all\u2019Ordine dei Farmacisti\u201d. <br \/>Risolti i problemi relativi alla distribuzione delle fiale che hanno causato un allungamento dei tempi, i farmacisti agrigentini sono dunque pronti a partire: scattano da subito le prenotazioni sulla piattaforma, da marted\u00ec 14 la farmacia ospedaliera di Sciacca avvier\u00e0 la distribuzione, sempre tramite i grossisti, ed entro i due giorni successivi verranno avviate anche le somministrazioni. \u201cE\u2019 un risultato positivo. Finalmente \u2013 sottolinea Pace \u2013 in provincia di Agrigento le farmacie diventano un terminale intelligente e di prossimit\u00e0 al servizio delle vaccinazioni anti-Covid anche in vista delle terze dosi. Presto toccher\u00e0 poi anche alle vaccinazioni contro l\u2019influenza\u201d. <br \/>La risposta alla vaccinazione anti-Covid nell\u2019Agrigentino \u00e8 stata positiva ma di certo, osserva, il via alle somministrazioni nelle farmacie potrebbe regalare \u201cun impulso ancora maggiore, anche per chi ancora fin qui non ha effettuato nemmeno una dose\u201d. <br \/>\u201cIn provincia \u2013 evidenzia il presidente Pace \u2013 sono tante le comunit\u00e0 piccole e i centri rurali, e il farmacista \u00e8 ormai un punto di riferimento verso il quale si nutre fiducia. Pertanto pu\u00f2 diventare un tassello fondamentale per convincere chi fin qui \u00e8 stato restio. Lo ha detto anche il generale Figliuolo, da quando sono entrate in campo le farmacie c\u2019\u00e8 stata un\u2019impennata di somministrazioni. E noi siamo pronti a dare il nostro apporto\u201d. <br \/>(ITALPRESS).<div id=\"div-gpt-ad-Messinaoggi.it-DSK-300x250-corpoart\" style=\"text-align:center;margin:0 auto;\"><\/div><\/p>\n<\/div>\n<div id=\"videoincontent\" style=\"clear:both\";><\/div>","protected":false},"excerpt":{"rendered":"<p>PALERMO (ITALPRESS) \u2013 Le farmacie di Agrigento sono pronte a dare il proprio contributo nella battaglia contro il Covid-19: \u00e8 infatti previsto tra il 15 e il 16 dicembre l\u2019avvio delle somministrazioni del vaccino nelle 25 farmacie della provincia. Ad annunciarlo \u00e8 il presidente dell\u2019Ordine dei farmacisti di Agrigento, Maurizio Pace, intervistato telefonicamente dall\u2019Italpress. \u201cSiamo [&hellip;]<\/p>\n","protected":false},"author":18,"featured_media":89361,"comment_status":"closed","ping_status":"closed","sticky":false,"template":"","format":"standard","meta":{"ub_ctt_via":"","_mi_skip_tracking":false},"categories":[2449],"tags":[783],"featured_image_src":"https:\/\/www.messinaoggi.it\/website\/wp-content\/uploads\/2021\/12\/20211202_0533.jpg","author_info":{"display_name":"Admin","author_link":"https:\/\/www.messinaoggi.it\/website\/author\/admin\/"},"digistream_id":0,"digistream":false,"_links":{"self":[{"href":"https:\/\/www.messinaoggi.it\/website\/wp-json\/wp\/v2\/posts\/89360"}],"collection":[{"href":"https:\/\/www.messinaoggi.it\/website\/wp-json\/wp\/v2\/posts"}],"about":[{"href":"https:\/\/www.messinaoggi.it\/website\/wp-json\/wp\/v2\/types\/post"}],"author":[{"embeddable":true,"href":"https:\/\/www.messinaoggi.it\/website\/wp-json\/wp\/v2\/users\/18"}],"replies":[{"embeddable":true,"href":"https:\/\/www.messinaoggi.it\/website\/wp-json\/wp\/v2\/comments?post=89360"}],"version-history":[{"count":0,"href":"https:\/\/www.messinaoggi.it\/website\/wp-json\/wp\/v2\/posts\/89360\/revisions"}],"wp:featuredmedia":[{"embeddable":true,"href":"https:\/\/www.messinaoggi.it\/website\/wp-json\/wp\/v2\/media\/89361"}],"wp:attachment":[{"href":"https:\/\/www.messinaoggi.it\/website\/wp-json\/wp\/v2\/media?parent=89360"}],"wp:term":[{"taxonomy":"category","embeddable":true,"href":"https:\/\/www.messinaoggi.it\/website\/wp-json\/wp\/v2\/categories?post=89360"},{"taxonomy":"post_tag","embeddable":true,"href":"https:\/\/www.messinaoggi.it\/website\/wp-json\/wp\/v2\/tags?post=89360"}],"curies":[{"name":"wp","href":"https:\/\/api.w.org\/{rel}","templated":true}]}}