{"id":89358,"date":"2021-12-02T13:07:33","date_gmt":"2021-12-02T12:07:33","guid":{"rendered":"https:\/\/www.messinaoggi.it\/website\/2021\/12\/02\/sostenibilita-e-nuove-generazioni-bayer-al-festivaldeigiovani\/"},"modified":"2021-12-02T13:07:33","modified_gmt":"2021-12-02T12:07:33","slug":"sostenibilita-e-nuove-generazioni-bayer-al-festivaldeigiovani","status":"publish","type":"post","link":"https:\/\/www.messinaoggi.it\/website\/2021\/12\/02\/sostenibilita-e-nuove-generazioni-bayer-al-festivaldeigiovani\/","title":{"rendered":"Sostenibilit\u00e0 e nuove generazioni, Bayer al Festivaldeigiovani"},"content":{"rendered":"<div>MILANO (ITALPRESS) &#8211; Bayer Italia al fianco della sesta edizione del Festivaldeigiovani, un progetto nato su idea di Noisiamofuturo per dar spazio ai giovani dai 17 ai 19 anni; una piazza di ascolto, di incontro e di dibattito dove i ragazzi di tutta Italia hanno la possibilit\u00e0 di imparare, sperimentare, divertirsi ed esprimere liberamente le proprie idee, aspirazioni e talenti.<br \/>Il Gruppo ha animato le giornate del Festival tenutesi a Settimo Torinese dal 12 al 14 ottobre presso la Biblioteca Civica Multimediale Archimede, un polo culturale moderno e dinamico, quelle a Gaeta dall&#8217;8 al 10 novembre e torner\u00e0 con altri eventi nei primi mesi del 2022. <br \/>Opportunit\u00e0 per parlare di sostenibilit\u00e0 e promuovere tra la nuova generazione l&#8217;importanza di un settore, quello dell&#8217;agricoltura, che, tra tradizione e innovazione, \u00e8 strategico non solo per il futuro del nostro pianeta ma anche una grande opportunit\u00e0 per la nuova generazione. <br \/>Bayer ha coinvolto oltre 15.000 ragazzi, la maggior parte collegati dalle oltre 800 classi che hanno aderito agli eventi, in un dibattito costruttivo, formativo e di orientamento grazie alla proiezione di un cortometraggio prodotto in collaborazione con Giffoni Innovation Hub dal titolo &#8220;L&#8217;Altra Terra&#8221;. <br \/>Lo short-movie \u00e8 stato girato dal regista Daniele Pignatelli dopo il lancio di una survey che ha coinvolto giovani dai 18 ai 28 anni con l&#8217;obiettivo di fotografare il rapporto che intercorre tra la Generazione Z e la conoscenza degli strumenti innovativi nel settore dell&#8217;agricoltura, con focus specifico sui processi di digitalizzazione e sul tema della sostenibilit\u00e0.<br \/>Il corto green si ispira infatti ai temi dell&#8217;agricoltura, un&#8217;arte antica che rinasce e si aggiorna grazie all&#8217;innovazione, al digitale e alle nuove tecnologie riducendo l&#8217;impatto ambientale e promuovendo il nostro Made in Italy nel mondo. <br \/>&#8220;La nostra intenzione \u00e8 di offrire un messaggio rassicurante alle nuove generazioni. Si pu\u00f2 mantenere e rispettare la nostra tradizione coniugandola con una nuova imprenditorialit\u00e0 che si affida all&#8217;innovazione. Oggi pi\u00f9 che mai siamo chiamati a fare scelte sostenibili e i nuovi modelli e le nuove tecniche ci permettono di ottenere un&#8217;agricoltura volta a diffondere consapevolezza sull&#8217;uso rispettoso delle risorse naturali ma anche a creare occupazione e nuove professionalit\u00e0&#8221;, ha commentato Fabio Minoli, direttore della Comunicazione e Rapporti Istituzionali di Bayer Italia.<br \/>(ITALPRESS).<\/div>\n<div id=\"div-gpt-ad-Messinaoggi.it-DSK-300x250-corpoart\" style=\"text-align:center;margin:0 auto;\"><\/div><\/p><div id=\"videoincontent\" style=\"clear:both\";><\/div>","protected":false},"excerpt":{"rendered":"<p>MILANO (ITALPRESS) &#8211; Bayer Italia al fianco della sesta edizione del Festivaldeigiovani, un progetto nato su idea di Noisiamofuturo per dar spazio ai giovani dai 17 ai 19 anni; una piazza di ascolto, di incontro e di dibattito dove i ragazzi di tutta Italia hanno la possibilit\u00e0 di imparare, sperimentare, divertirsi ed esprimere liberamente le [&hellip;]<\/p>\n","protected":false},"author":18,"featured_media":89359,"comment_status":"closed","ping_status":"closed","sticky":false,"template":"","format":"standard","meta":{"ub_ctt_via":"","_mi_skip_tracking":false},"categories":[446],"tags":[783],"featured_image_src":"https:\/\/www.messinaoggi.it\/website\/wp-content\/uploads\/2021\/12\/20211202_0400.jpg","author_info":{"display_name":"Admin","author_link":"https:\/\/www.messinaoggi.it\/website\/author\/admin\/"},"digistream_id":0,"digistream":false,"_links":{"self":[{"href":"https:\/\/www.messinaoggi.it\/website\/wp-json\/wp\/v2\/posts\/89358"}],"collection":[{"href":"https:\/\/www.messinaoggi.it\/website\/wp-json\/wp\/v2\/posts"}],"about":[{"href":"https:\/\/www.messinaoggi.it\/website\/wp-json\/wp\/v2\/types\/post"}],"author":[{"embeddable":true,"href":"https:\/\/www.messinaoggi.it\/website\/wp-json\/wp\/v2\/users\/18"}],"replies":[{"embeddable":true,"href":"https:\/\/www.messinaoggi.it\/website\/wp-json\/wp\/v2\/comments?post=89358"}],"version-history":[{"count":0,"href":"https:\/\/www.messinaoggi.it\/website\/wp-json\/wp\/v2\/posts\/89358\/revisions"}],"wp:featuredmedia":[{"embeddable":true,"href":"https:\/\/www.messinaoggi.it\/website\/wp-json\/wp\/v2\/media\/89359"}],"wp:attachment":[{"href":"https:\/\/www.messinaoggi.it\/website\/wp-json\/wp\/v2\/media?parent=89358"}],"wp:term":[{"taxonomy":"category","embeddable":true,"href":"https:\/\/www.messinaoggi.it\/website\/wp-json\/wp\/v2\/categories?post=89358"},{"taxonomy":"post_tag","embeddable":true,"href":"https:\/\/www.messinaoggi.it\/website\/wp-json\/wp\/v2\/tags?post=89358"}],"curies":[{"name":"wp","href":"https:\/\/api.w.org\/{rel}","templated":true}]}}