{"id":89356,"date":"2021-12-02T12:07:38","date_gmt":"2021-12-02T11:07:38","guid":{"rendered":"https:\/\/www.messinaoggi.it\/website\/2021\/12\/02\/al-via-la-campagna-social-di-bauli-per-un-natale-solidale\/"},"modified":"2021-12-02T12:07:38","modified_gmt":"2021-12-02T11:07:38","slug":"al-via-la-campagna-social-di-bauli-per-un-natale-solidale","status":"publish","type":"post","link":"https:\/\/www.messinaoggi.it\/website\/2021\/12\/02\/al-via-la-campagna-social-di-bauli-per-un-natale-solidale\/","title":{"rendered":"Al via la campagna social di Bauli per un Natale solidale"},"content":{"rendered":"<div>VERONA (ITALPRESS) &#8211; Per il secondo anno consecutivo Bauli sposa una causa solidale con l&#8217;obiettivo di aiutare i pi\u00f9 piccoli e regalare loro un sorriso in occasione della festivit\u00e0 pi\u00f9 attesa dell&#8217;anno. Cuore dell&#8217;iniziativa \u00e8 la campagna &#8220;A Natale puoi&#8221;: un invito a creare una versione inedita del jingle di Natale del brand con il supporto del grande pubblico e, allo stesso tempo, sostenere questo scopo benefico.<br \/>La call-to-action lanciata da Bauli invita gli utenti a intonare la canzone &#8220;A Natale Puoi&#8221; e a pubblicare una Instagram Story con tag @bauliitalia e #ANatalePuoi. Non solo si potranno vedere le proprie stories sul profilo Instagram del brand, ma con i contenuti pi\u00f9 originali ed emozionanti verranno creati degli spot TV, on air per le principali emittenti dal 5 fino al 23 dicembre.<br \/>Tutti i contributi saranno parte di una grande causa: la realizzazione dei desideri di bambini malati insieme alla ONLUS Make-A-Wish Italia.<br \/>Bauli ha anche creato anche la Limited Edition &#8220;A Natale Puoi&#8221; per il Pandoro di Verona: sul classico color lilla Bauli spiccano le frasi pi\u00f9 belle e significative del jingle di Natale.<br \/>&#8220;A Natale puoi&#8230; riprendere a sognare&#8221;, &#8220;A Natale puoi&#8230; fare quello che non puoi fare mai&#8221;: messaggi da regalare ad amici e parenti (o anche da regalarsi), divertendosi a comporre strofe della canzone.<br \/>(ITALPRESS).<\/div>\n<div id=\"div-gpt-ad-Messinaoggi.it-DSK-300x250-corpoart\" style=\"text-align:center;margin:0 auto;\"><\/div><\/p><div id=\"videoincontent\" style=\"clear:both\";><\/div>","protected":false},"excerpt":{"rendered":"<p>VERONA (ITALPRESS) &#8211; Per il secondo anno consecutivo Bauli sposa una causa solidale con l&#8217;obiettivo di aiutare i pi\u00f9 piccoli e regalare loro un sorriso in occasione della festivit\u00e0 pi\u00f9 attesa dell&#8217;anno. Cuore dell&#8217;iniziativa \u00e8 la campagna &#8220;A Natale puoi&#8221;: un invito a creare una versione inedita del jingle di Natale del brand con il [&hellip;]<\/p>\n","protected":false},"author":18,"featured_media":89357,"comment_status":"closed","ping_status":"closed","sticky":false,"template":"","format":"standard","meta":{"ub_ctt_via":"","_mi_skip_tracking":false},"categories":[446],"tags":[783],"featured_image_src":"https:\/\/www.messinaoggi.it\/website\/wp-content\/uploads\/2021\/12\/20211202_0377.jpg","author_info":{"display_name":"Admin","author_link":"https:\/\/www.messinaoggi.it\/website\/author\/admin\/"},"digistream_id":0,"digistream":false,"_links":{"self":[{"href":"https:\/\/www.messinaoggi.it\/website\/wp-json\/wp\/v2\/posts\/89356"}],"collection":[{"href":"https:\/\/www.messinaoggi.it\/website\/wp-json\/wp\/v2\/posts"}],"about":[{"href":"https:\/\/www.messinaoggi.it\/website\/wp-json\/wp\/v2\/types\/post"}],"author":[{"embeddable":true,"href":"https:\/\/www.messinaoggi.it\/website\/wp-json\/wp\/v2\/users\/18"}],"replies":[{"embeddable":true,"href":"https:\/\/www.messinaoggi.it\/website\/wp-json\/wp\/v2\/comments?post=89356"}],"version-history":[{"count":0,"href":"https:\/\/www.messinaoggi.it\/website\/wp-json\/wp\/v2\/posts\/89356\/revisions"}],"wp:featuredmedia":[{"embeddable":true,"href":"https:\/\/www.messinaoggi.it\/website\/wp-json\/wp\/v2\/media\/89357"}],"wp:attachment":[{"href":"https:\/\/www.messinaoggi.it\/website\/wp-json\/wp\/v2\/media?parent=89356"}],"wp:term":[{"taxonomy":"category","embeddable":true,"href":"https:\/\/www.messinaoggi.it\/website\/wp-json\/wp\/v2\/categories?post=89356"},{"taxonomy":"post_tag","embeddable":true,"href":"https:\/\/www.messinaoggi.it\/website\/wp-json\/wp\/v2\/tags?post=89356"}],"curies":[{"name":"wp","href":"https:\/\/api.w.org\/{rel}","templated":true}]}}