{"id":89334,"date":"2021-12-02T11:07:35","date_gmt":"2021-12-02T10:07:35","guid":{"rendered":"https:\/\/www.messinaoggi.it\/website\/2021\/12\/02\/a-ottobre-la-disoccupazione-sale-al-94\/"},"modified":"2021-12-02T11:07:35","modified_gmt":"2021-12-02T10:07:35","slug":"a-ottobre-la-disoccupazione-sale-al-94","status":"publish","type":"post","link":"https:\/\/www.messinaoggi.it\/website\/2021\/12\/02\/a-ottobre-la-disoccupazione-sale-al-94\/","title":{"rendered":"A ottobre la disoccupazione sale al 9,4%"},"content":{"rendered":"<div>ROMA (ITALPRESS) &#8211; A ottobre 2021, rispetto al mese precedente, crescono sia gli occupati sia i disoccupati mentre diminuiscono gli inattivi. Lo rende noto l&#8217;Istat.<br \/>L&#8217;aumento dell&#8217;occupazione (+0,2%, pari a +35mila unit\u00e0), che ha riguardato solamente gli uomini, coinvolge i dipendenti, le persone tra i 15-24 anni e gli ultra 50enni. Il tasso di occupazione sale al 58,6% (+0,1 punti).<br \/>La crescita del numero di persone in cerca di lavoro (+2,2%, pari a +51mila unit\u00e0 rispetto a settembre), osservata sia per gli uomini sia per le donne, coinvolge chi ha pi\u00f9 di 24 anni. Il tasso di disoccupazione sale al 9,4% (+0,2 punti), nonostante tra i giovani scenda al 28,2% (-1,4 punti).<br \/>La diminuzione del numero di inattivi tra i 15 e i 64 anni, registrata a ottobre rispetto al mese precedente (-0,6%, pari a -79mila unit\u00e0), \u00e8 generalizzata sia per sesso sia per classe d&#8217;et\u00e0. Il tasso di inattivit\u00e0 scende al 35,2% (-0,2 punti).<br \/>Confrontando il trimestre agosto-ottobre 2021 con quello precedente (maggio-luglio), si osserva un livello di occupazione pi\u00f9 elevato dello 0,2%, con un aumento di 42mila unit\u00e0.<br \/>La crescita dell&#8217;occupazione registrata nel confronto trimestrale si associa alla diminuzione delle persone in cerca di occupazione (-2,1%, pari a -49mila unit\u00e0) e degli inattivi (-0,2%, pari a -33mila unit\u00e0).<br \/>A seguito della ripresa dell&#8217;occupazione, osservata tra febbraio e giugno e a partire da settembre 2021, il numero di occupati \u00e8 superiore a quello di ottobre 2020 dell&#8217;1,7% (+390mila unit\u00e0); variazioni ancora negative si registrano per gli indipendenti e per i lavoratori tra i 35 e i 49 anni, ma in quest&#8217;ultimo caso solo per effetto della componente demografica. Infatti, il tasso di occupazione &#8211; in aumento di 1,2 punti percentuali &#8211; sale per tutte le classi di et\u00e0.<br \/>(ITALPRESS).<\/div>\n<div id=\"div-gpt-ad-Messinaoggi.it-DSK-300x250-corpoart\" style=\"text-align:center;margin:0 auto;\"><\/div><\/p><div id=\"videoincontent\" style=\"clear:both\";><\/div>","protected":false},"excerpt":{"rendered":"<p>ROMA (ITALPRESS) &#8211; A ottobre 2021, rispetto al mese precedente, crescono sia gli occupati sia i disoccupati mentre diminuiscono gli inattivi. Lo rende noto l&#8217;Istat.L&#8217;aumento dell&#8217;occupazione (+0,2%, pari a +35mila unit\u00e0), che ha riguardato solamente gli uomini, coinvolge i dipendenti, le persone tra i 15-24 anni e gli ultra 50enni. Il tasso di occupazione sale [&hellip;]<\/p>\n","protected":false},"author":18,"featured_media":89335,"comment_status":"closed","ping_status":"closed","sticky":false,"template":"","format":"standard","meta":{"ub_ctt_via":"","_mi_skip_tracking":false},"categories":[446],"tags":[783],"featured_image_src":"https:\/\/www.messinaoggi.it\/website\/wp-content\/uploads\/2021\/12\/20211202_0238.jpg","author_info":{"display_name":"Admin","author_link":"https:\/\/www.messinaoggi.it\/website\/author\/admin\/"},"digistream_id":0,"digistream":false,"_links":{"self":[{"href":"https:\/\/www.messinaoggi.it\/website\/wp-json\/wp\/v2\/posts\/89334"}],"collection":[{"href":"https:\/\/www.messinaoggi.it\/website\/wp-json\/wp\/v2\/posts"}],"about":[{"href":"https:\/\/www.messinaoggi.it\/website\/wp-json\/wp\/v2\/types\/post"}],"author":[{"embeddable":true,"href":"https:\/\/www.messinaoggi.it\/website\/wp-json\/wp\/v2\/users\/18"}],"replies":[{"embeddable":true,"href":"https:\/\/www.messinaoggi.it\/website\/wp-json\/wp\/v2\/comments?post=89334"}],"version-history":[{"count":0,"href":"https:\/\/www.messinaoggi.it\/website\/wp-json\/wp\/v2\/posts\/89334\/revisions"}],"wp:featuredmedia":[{"embeddable":true,"href":"https:\/\/www.messinaoggi.it\/website\/wp-json\/wp\/v2\/media\/89335"}],"wp:attachment":[{"href":"https:\/\/www.messinaoggi.it\/website\/wp-json\/wp\/v2\/media?parent=89334"}],"wp:term":[{"taxonomy":"category","embeddable":true,"href":"https:\/\/www.messinaoggi.it\/website\/wp-json\/wp\/v2\/categories?post=89334"},{"taxonomy":"post_tag","embeddable":true,"href":"https:\/\/www.messinaoggi.it\/website\/wp-json\/wp\/v2\/tags?post=89334"}],"curies":[{"name":"wp","href":"https:\/\/api.w.org\/{rel}","templated":true}]}}