{"id":89325,"date":"2021-12-02T09:07:33","date_gmt":"2021-12-02T08:07:33","guid":{"rendered":"https:\/\/www.messinaoggi.it\/website\/2021\/12\/02\/di-maio-mediterraneo-torni-a-essere-uno-spazio-di-dialogo\/"},"modified":"2021-12-02T10:00:13","modified_gmt":"2021-12-02T09:00:13","slug":"di-maio-mediterraneo-torni-a-essere-uno-spazio-di-dialogo","status":"publish","type":"post","link":"https:\/\/www.messinaoggi.it\/website\/2021\/12\/02\/di-maio-mediterraneo-torni-a-essere-uno-spazio-di-dialogo\/","title":{"rendered":"Di Maio \u201cMediterraneo torni a essere uno spazio di dialogo\u201d"},"content":{"rendered":"<div>ROMA (ITALPRESS) &#8211; &#8220;Il Mediterraneo \u00e8 storicamente uno spazio di dialogo e scambio. La nostra ambizione \u00e8 quella di continuare a offrire con i Med Dialogues un laboratorio per ridefinire la nostra azione comune alla luce delle sfide di oggi&#8221;. Cos\u00ec il ministro degli Esteri, Luigi Di Maio, in un intervento sul quotidiano La Repubblica in vista dei Mediterranean Dialogues, iniziativa promossa dal Ministero degli Esteri e della Cooperazione Internazionale e dall&#8217;Ispi e in programma a Roma il 3 e 4 dicembre.<br \/>&#8220;Su queste basi, vogliamo e dobbiamo investire mettendo al centro le persone, a partire dai giovani, cui sar\u00e0 dedicato uno dei fora organizzati a margine dei Med Dialogues, e sostenendo la loro capacit\u00e0 di innovazione e di crescita &#8211; spiega il ministro -. Le rivalit\u00e0 ideologiche, la competizione per il controllo delle risorse e l&#8217;emergere di nuove crisi che si sommano a quelle da tempo irrisolte non devono limitare il nostro sforzo, ma anzi rafforzarlo per contrastare dinamiche negative. Con questo intento, i &#8220;Rome Med Dialogues&#8221; rappresentano un tassello importante del pi\u00f9 ampio mosaico dell&#8217;azione dell&#8217;Italia per il futuro della regione mediterranea, basata sulla volont\u00e0 di tutelare e gestire, in maniera condivisa, i &#8220;beni comuni mediterranei&#8221;: ambiente, mare (blue economy), ricerca e innovazione digitale, diplomazia scientifica e culturale, mobilit\u00e0, salute&#8221;.<br \/>&#8220;Sono gli stessi temi al centro della &#8220;Nuova Agenda per il Mediterraneo&#8221; dell&#8217;Unione Europea, che non a caso l&#8217;Italia ha ispirato e sostenuto con convinzione, per rilanciare il partenariato tra l&#8217;Ue e il suo vicinato meridionale stimolando una ripresa verde, digitale, resiliente e giusta&#8221;, aggiunge Di Maio.<br \/>(ITALPRESS).<\/div>\n<div id=\"div-gpt-ad-Messinaoggi.it-DSK-300x250-corpoart\" style=\"text-align:center;margin:0 auto;\"><\/div><\/p><div id=\"videoincontent\" style=\"clear:both\";><\/div>","protected":false},"excerpt":{"rendered":"<p>ROMA (ITALPRESS) &#8211; &#8220;Il Mediterraneo \u00e8 storicamente uno spazio di dialogo e scambio. La nostra ambizione \u00e8 quella di continuare a offrire con i Med Dialogues un laboratorio per ridefinire la nostra azione comune alla luce delle sfide di oggi&#8221;. Cos\u00ec il ministro degli Esteri, Luigi Di Maio, in un intervento sul quotidiano La Repubblica [&hellip;]<\/p>\n","protected":false},"author":18,"featured_media":89326,"comment_status":"closed","ping_status":"closed","sticky":false,"template":"","format":"standard","meta":{"ub_ctt_via":"","_mi_skip_tracking":false},"categories":[446,4],"tags":[783],"featured_image_src":"https:\/\/www.messinaoggi.it\/website\/wp-content\/uploads\/2021\/12\/20211202_0106.jpg","author_info":{"display_name":"Admin","author_link":"https:\/\/www.messinaoggi.it\/website\/author\/admin\/"},"digistream_id":0,"digistream":false,"_links":{"self":[{"href":"https:\/\/www.messinaoggi.it\/website\/wp-json\/wp\/v2\/posts\/89325"}],"collection":[{"href":"https:\/\/www.messinaoggi.it\/website\/wp-json\/wp\/v2\/posts"}],"about":[{"href":"https:\/\/www.messinaoggi.it\/website\/wp-json\/wp\/v2\/types\/post"}],"author":[{"embeddable":true,"href":"https:\/\/www.messinaoggi.it\/website\/wp-json\/wp\/v2\/users\/18"}],"replies":[{"embeddable":true,"href":"https:\/\/www.messinaoggi.it\/website\/wp-json\/wp\/v2\/comments?post=89325"}],"version-history":[{"count":1,"href":"https:\/\/www.messinaoggi.it\/website\/wp-json\/wp\/v2\/posts\/89325\/revisions"}],"predecessor-version":[{"id":89328,"href":"https:\/\/www.messinaoggi.it\/website\/wp-json\/wp\/v2\/posts\/89325\/revisions\/89328"}],"wp:featuredmedia":[{"embeddable":true,"href":"https:\/\/www.messinaoggi.it\/website\/wp-json\/wp\/v2\/media\/89326"}],"wp:attachment":[{"href":"https:\/\/www.messinaoggi.it\/website\/wp-json\/wp\/v2\/media?parent=89325"}],"wp:term":[{"taxonomy":"category","embeddable":true,"href":"https:\/\/www.messinaoggi.it\/website\/wp-json\/wp\/v2\/categories?post=89325"},{"taxonomy":"post_tag","embeddable":true,"href":"https:\/\/www.messinaoggi.it\/website\/wp-json\/wp\/v2\/tags?post=89325"}],"curies":[{"name":"wp","href":"https:\/\/api.w.org\/{rel}","templated":true}]}}