{"id":89318,"date":"2021-12-02T09:02:26","date_gmt":"2021-12-02T08:02:26","guid":{"rendered":"http:\/\/www.messinaoggi.it\/website\/?p=89318"},"modified":"2021-12-02T09:02:29","modified_gmt":"2021-12-02T08:02:29","slug":"eolie-scosse-di-terremoto-nella-notte-e-allalba","status":"publish","type":"post","link":"https:\/\/www.messinaoggi.it\/website\/2021\/12\/02\/eolie-scosse-di-terremoto-nella-notte-e-allalba\/","title":{"rendered":"Eolie, scosse di terremoto nella notte e all&#8217;alba"},"content":{"rendered":"\n<p>Due di terremoto sono state registrate a mare in prossimit\u00e0 delle isole Eolie dall&#8217;Istituto nazionale di Geofisica e Vulcanologia.\u00a0La prima, la pi\u00f9 forte, di grandezza 3.8 e&#8217; avvenuta poco prima della mezzanotte, alle 23.44, ed \u00e8 stata localizzata ad una profondit\u00e0 di 233 chilometri.\u00a0<div id=\"div-gpt-ad-Messinaoggi.it-DSK-300x250-corpoart\" style=\"text-align:center;margin:0 auto;\"><\/div><\/p>\n\n\n\n<p>La seconda scossa di terremoto di magnitudo 2.4 \u00e8 stata registrata qualche ora dopo, alle 6.41, ed \u00e8 stata localizzata ad una profondit\u00e0 di 7 chilometri.<div id=\"videoincontent\" style=\"clear:both\";><\/div><\/p>\n","protected":false},"excerpt":{"rendered":"<p>Due di terremoto sono state registrate a mare in prossimit\u00e0 delle isole Eolie dall&#8217;Istituto nazionale di Geofisica e Vulcanologia.\u00a0La prima, la pi\u00f9 forte, di grandezza 3.8 e&#8217; avvenuta poco prima della mezzanotte, alle 23.44, ed \u00e8 stata localizzata ad una profondit\u00e0 di 233 chilometri.\u00a0 La seconda scossa di terremoto di magnitudo 2.4 \u00e8 stata registrata [&hellip;]<\/p>\n","protected":false},"author":2,"featured_media":50482,"comment_status":"open","ping_status":"open","sticky":false,"template":"","format":"standard","meta":{"ub_ctt_via":"","_mi_skip_tracking":false},"categories":[5],"tags":[836,3599],"featured_image_src":"https:\/\/www.messinaoggi.it\/website\/wp-content\/uploads\/2020\/12\/ingv-2.jpg","author_info":{"display_name":"Redazione","author_link":"https:\/\/www.messinaoggi.it\/website\/author\/redazione\/"},"digistream_id":0,"digistream":false,"_links":{"self":[{"href":"https:\/\/www.messinaoggi.it\/website\/wp-json\/wp\/v2\/posts\/89318"}],"collection":[{"href":"https:\/\/www.messinaoggi.it\/website\/wp-json\/wp\/v2\/posts"}],"about":[{"href":"https:\/\/www.messinaoggi.it\/website\/wp-json\/wp\/v2\/types\/post"}],"author":[{"embeddable":true,"href":"https:\/\/www.messinaoggi.it\/website\/wp-json\/wp\/v2\/users\/2"}],"replies":[{"embeddable":true,"href":"https:\/\/www.messinaoggi.it\/website\/wp-json\/wp\/v2\/comments?post=89318"}],"version-history":[{"count":1,"href":"https:\/\/www.messinaoggi.it\/website\/wp-json\/wp\/v2\/posts\/89318\/revisions"}],"predecessor-version":[{"id":89319,"href":"https:\/\/www.messinaoggi.it\/website\/wp-json\/wp\/v2\/posts\/89318\/revisions\/89319"}],"wp:featuredmedia":[{"embeddable":true,"href":"https:\/\/www.messinaoggi.it\/website\/wp-json\/wp\/v2\/media\/50482"}],"wp:attachment":[{"href":"https:\/\/www.messinaoggi.it\/website\/wp-json\/wp\/v2\/media?parent=89318"}],"wp:term":[{"taxonomy":"category","embeddable":true,"href":"https:\/\/www.messinaoggi.it\/website\/wp-json\/wp\/v2\/categories?post=89318"},{"taxonomy":"post_tag","embeddable":true,"href":"https:\/\/www.messinaoggi.it\/website\/wp-json\/wp\/v2\/tags?post=89318"}],"curies":[{"name":"wp","href":"https:\/\/api.w.org\/{rel}","templated":true}]}}