{"id":89300,"date":"2021-12-01T21:07:44","date_gmt":"2021-12-01T20:07:44","guid":{"rendered":"https:\/\/www.messinaoggi.it\/website\/2021\/12\/01\/covid-da-aifa-via-libera-a-vaccinazione-per-fascia-5-11-anni\/"},"modified":"2021-12-02T08:59:38","modified_gmt":"2021-12-02T07:59:38","slug":"covid-da-aifa-via-libera-a-vaccinazione-per-fascia-5-11-anni","status":"publish","type":"post","link":"https:\/\/www.messinaoggi.it\/website\/2021\/12\/01\/covid-da-aifa-via-libera-a-vaccinazione-per-fascia-5-11-anni\/","title":{"rendered":"Covid, da Aifa via libera a vaccinazione per fascia 5-11 anni"},"content":{"rendered":"<div>ROMA (ITALPRESS) &#8211; La Commissione Tecnico Scientifica di Aifa (CTS) ha approvato l&#8217;estensione di indicazione di utilizzo del vaccino Comirnaty (Pfizer) per la fascia di et\u00e0 5-11 anni, con una dose ridotta (un terzo del dosaggio autorizzato per adulti e adolescenti) e con formulazione specifica. <br \/>La vaccinazione avverr\u00e0 in due dosi a tre settimane di distanza l&#8217;una dall&#8217;altra. I dati disponibili &#8211; rileva la CTS &#8211; dimostrano un elevato livello di efficacia e non si evidenzino al momento segnali di allerta in termini di sicurezza. Al fine di evitare possibili errori di somministrazione la CTS raccomanda, per la fascia di et\u00e0 in oggetto, l&#8217;uso esclusivo della formulazione pediatrica ad hoc suggerendo quando possibile l&#8217;adozione di percorsi vaccinali adeguati all&#8217;et\u00e0. Nel parere, la CTS osserva che &#8220;sebbene l&#8217;infezione da SARS-CoV-2 sia sicuramente pi\u00f9 benigna nei bambini, in alcuni casi essa pu\u00f2 essere associata a conseguenze gravi, come il rischio di sviluppare la sindrome infiammatoria multisistemica (MIS-c), che pu\u00f2 richiedere anche il ricovero in terapia intensiva&#8221;. Infine la CTS sottolinea che &#8220;la vaccinazione comporta benefici quali la possibilit\u00e0 di frequentare la scuola e condurre una vita sociale connotata da elementi ricreativi ed educativi che sono particolarmente importanti per lo sviluppo psichico e della personalit\u00e0 in questa fascia di et\u00e0&#8221;.<br \/>(ITALPRESS).<\/div>\n<div id=\"div-gpt-ad-Messinaoggi.it-DSK-300x250-corpoart\" style=\"text-align:center;margin:0 auto;\"><\/div><\/p><div id=\"videoincontent\" style=\"clear:both\";><\/div>","protected":false},"excerpt":{"rendered":"<p>ROMA (ITALPRESS) &#8211; La Commissione Tecnico Scientifica di Aifa (CTS) ha approvato l&#8217;estensione di indicazione di utilizzo del vaccino Comirnaty (Pfizer) per la fascia di et\u00e0 5-11 anni, con una dose ridotta (un terzo del dosaggio autorizzato per adulti e adolescenti) e con formulazione specifica. La vaccinazione avverr\u00e0 in due dosi a tre settimane di [&hellip;]<\/p>\n","protected":false},"author":18,"featured_media":89301,"comment_status":"closed","ping_status":"closed","sticky":false,"template":"","format":"standard","meta":{"ub_ctt_via":"","_mi_skip_tracking":false},"categories":[10,446,9],"tags":[783],"featured_image_src":"https:\/\/www.messinaoggi.it\/website\/wp-content\/uploads\/2021\/12\/20211201_2623.jpg","author_info":{"display_name":"Admin","author_link":"https:\/\/www.messinaoggi.it\/website\/author\/admin\/"},"digistream_id":0,"digistream":false,"_links":{"self":[{"href":"https:\/\/www.messinaoggi.it\/website\/wp-json\/wp\/v2\/posts\/89300"}],"collection":[{"href":"https:\/\/www.messinaoggi.it\/website\/wp-json\/wp\/v2\/posts"}],"about":[{"href":"https:\/\/www.messinaoggi.it\/website\/wp-json\/wp\/v2\/types\/post"}],"author":[{"embeddable":true,"href":"https:\/\/www.messinaoggi.it\/website\/wp-json\/wp\/v2\/users\/18"}],"replies":[{"embeddable":true,"href":"https:\/\/www.messinaoggi.it\/website\/wp-json\/wp\/v2\/comments?post=89300"}],"version-history":[{"count":1,"href":"https:\/\/www.messinaoggi.it\/website\/wp-json\/wp\/v2\/posts\/89300\/revisions"}],"predecessor-version":[{"id":89313,"href":"https:\/\/www.messinaoggi.it\/website\/wp-json\/wp\/v2\/posts\/89300\/revisions\/89313"}],"wp:featuredmedia":[{"embeddable":true,"href":"https:\/\/www.messinaoggi.it\/website\/wp-json\/wp\/v2\/media\/89301"}],"wp:attachment":[{"href":"https:\/\/www.messinaoggi.it\/website\/wp-json\/wp\/v2\/media?parent=89300"}],"wp:term":[{"taxonomy":"category","embeddable":true,"href":"https:\/\/www.messinaoggi.it\/website\/wp-json\/wp\/v2\/categories?post=89300"},{"taxonomy":"post_tag","embeddable":true,"href":"https:\/\/www.messinaoggi.it\/website\/wp-json\/wp\/v2\/tags?post=89300"}],"curies":[{"name":"wp","href":"https:\/\/api.w.org\/{rel}","templated":true}]}}