{"id":89290,"date":"2021-12-01T20:07:38","date_gmt":"2021-12-01T19:07:38","guid":{"rendered":"https:\/\/www.messinaoggi.it\/website\/2021\/12\/01\/windtre-progetto-neoconnessi-si-rinnova-e-arriva-in-7-mila-scuole\/"},"modified":"2021-12-01T20:07:38","modified_gmt":"2021-12-01T19:07:38","slug":"windtre-progetto-neoconnessi-si-rinnova-e-arriva-in-7-mila-scuole","status":"publish","type":"post","link":"https:\/\/www.messinaoggi.it\/website\/2021\/12\/01\/windtre-progetto-neoconnessi-si-rinnova-e-arriva-in-7-mila-scuole\/","title":{"rendered":"WindTre, progetto \u201cNeoConnessi\u201d si rinnova e arriva in 7 mila scuole"},"content":{"rendered":"<div>ROMA (ITALPRESS) &#8211; Educare all&#8217;uso consapevole e responsabile di internet e della tecnologia. &#8216;NeoConness\u00ec, il progetto di digital e media education di WindTre, azienda guidata da Jeffrey Hedberg, si arricchisce di nuovi contenuti studiati e creati con la collaborazione di esperti in ambito psicologico, pedagogico, tecnologico e didattico, rivolto soprattutto a scuole e famiglie. Partito per la prima volta nel 2018 e dedicato agli studenti delle classi quarte e quinte della scuola primaria, NeoConnessi punta ad accompagnare genitori e ragazzi ad affrontare il cambiamento senza allarmismi, ma con la giusta consapevolezza. Quest&#8217;anno, il kit didattico gratuito, destinato a 14.000 classi di IV e V primaria di 7.000 scuole di tutt&#8217;Italia, conterr\u00e0 anche una favola moderna, realizzata in collaborazione con la Polizia di Stato. Responsabilit\u00e0 e identit\u00e0 digitale, cyberbullismo e sicurezza in rete sono i temi chiave. Un&#8217;altra novit\u00e0 \u00e8 l&#8217;iniziativa &#8216;NeoConnessi Silver&#8217;, dedicata ai nonni, per favorire il legame intergenerazionale e ridurre il digital divide, attraverso un percorso formativo con video tutorial, articoli e approfondimenti. &#8220;Il progetto &#8216;NeoConness\u00ec, giunto alla quarta edizione, conferma il nostro impegno in tema di responsabilit\u00e0 digitale ed \u00e8 in linea con gli obiettivi fondamentali del piano di sostenibilit\u00e0 di WindTre&#8221;, ha dichiarato Tommaso Vitali, direttore Brand and B2C Marketing di WindTre. &#8220;Il focus dell&#8217;iniziativa \u00e8 stimolare i ragazzi, attraverso la collaborazione con scuole e famiglie, a sviluppare competenze preziose nel mondo digital in cui sono sempre pi\u00f9 immersi: capacit\u00e0 critica e di giudizio, empatia e collaborazione &#8211; ha aggiunto &#8211; Abilit\u00e0 che alimentano quella consapevolezza necessaria per poter usare la tecnologia e la rete in piena autonomia e sicurezza&#8221;. Completano il progetto la piattaforma NeoConnessi.it e i webinar tenuti da esperti, insieme al corso per i docenti, erogato da La Fabbrica, valido ai fini del riconoscimento della formazione in servizio. Il percorso fornisce uno sguardo approfondito sui nuovi contenuti digitali per bambini e ragazzi, esplorando le opportunit\u00e0 educative offerte dai nuovi media all&#8217;interno del contesto scolastico.<br \/>Accanto allo sviluppo delle competenze necessarie, per garantire la sicurezza dei giovani utilizzatori e contrastare i rischi del web, i genitori possono ricorrere a soluzioni di parental control, come l&#8217;App &#8216;Family Protect&#8217; che WindTre mette a disposizione delle famiglie con ragazzi under 14. &#8220;NeoConnessi \u00e8 uno dei progetti di punta della nostra strategia di sostenibilit\u00e0 &#8211; ha affermato Federica Manzoni, direttrice Sustainability &amp; Quality Certification di WindTre &#8211; Appartiene integralmente al nostro piano ESG fatto di dieci obiettivi e il primo e il secondo fanno proprio riferimento alla tutela dei minori e all&#8217;inclusione delle persone pi\u00f9 anziane. Questo progetto \u00e8 l&#8217;espressione massima dell&#8217;impegno che WindTre sta mettendo nell&#8217;area dell&#8217;inclusione e della responsabilit\u00e0&#8221;. <br \/>(ITALPRESS).<\/div>\n<div id=\"div-gpt-ad-Messinaoggi.it-DSK-300x250-corpoart\" style=\"text-align:center;margin:0 auto;\"><\/div><\/p><div id=\"videoincontent\" style=\"clear:both\";><\/div>","protected":false},"excerpt":{"rendered":"<p>ROMA (ITALPRESS) &#8211; Educare all&#8217;uso consapevole e responsabile di internet e della tecnologia. &#8216;NeoConness\u00ec, il progetto di digital e media education di WindTre, azienda guidata da Jeffrey Hedberg, si arricchisce di nuovi contenuti studiati e creati con la collaborazione di esperti in ambito psicologico, pedagogico, tecnologico e didattico, rivolto soprattutto a scuole e famiglie. Partito [&hellip;]<\/p>\n","protected":false},"author":18,"featured_media":89291,"comment_status":"closed","ping_status":"closed","sticky":false,"template":"","format":"standard","meta":{"ub_ctt_via":"","_mi_skip_tracking":false},"categories":[446],"tags":[783],"featured_image_src":"https:\/\/www.messinaoggi.it\/website\/wp-content\/uploads\/2021\/12\/20211201_2556.jpg","author_info":{"display_name":"Admin","author_link":"https:\/\/www.messinaoggi.it\/website\/author\/admin\/"},"digistream_id":0,"digistream":false,"_links":{"self":[{"href":"https:\/\/www.messinaoggi.it\/website\/wp-json\/wp\/v2\/posts\/89290"}],"collection":[{"href":"https:\/\/www.messinaoggi.it\/website\/wp-json\/wp\/v2\/posts"}],"about":[{"href":"https:\/\/www.messinaoggi.it\/website\/wp-json\/wp\/v2\/types\/post"}],"author":[{"embeddable":true,"href":"https:\/\/www.messinaoggi.it\/website\/wp-json\/wp\/v2\/users\/18"}],"replies":[{"embeddable":true,"href":"https:\/\/www.messinaoggi.it\/website\/wp-json\/wp\/v2\/comments?post=89290"}],"version-history":[{"count":0,"href":"https:\/\/www.messinaoggi.it\/website\/wp-json\/wp\/v2\/posts\/89290\/revisions"}],"wp:featuredmedia":[{"embeddable":true,"href":"https:\/\/www.messinaoggi.it\/website\/wp-json\/wp\/v2\/media\/89291"}],"wp:attachment":[{"href":"https:\/\/www.messinaoggi.it\/website\/wp-json\/wp\/v2\/media?parent=89290"}],"wp:term":[{"taxonomy":"category","embeddable":true,"href":"https:\/\/www.messinaoggi.it\/website\/wp-json\/wp\/v2\/categories?post=89290"},{"taxonomy":"post_tag","embeddable":true,"href":"https:\/\/www.messinaoggi.it\/website\/wp-json\/wp\/v2\/tags?post=89290"}],"curies":[{"name":"wp","href":"https:\/\/api.w.org\/{rel}","templated":true}]}}