{"id":89280,"date":"2021-12-01T19:07:32","date_gmt":"2021-12-01T18:07:32","guid":{"rendered":"https:\/\/www.messinaoggi.it\/website\/2021\/12\/01\/gruppo-koelliker-lascia-ronconi-al-suo-posto-marco-saltalamacchia\/"},"modified":"2021-12-01T19:07:32","modified_gmt":"2021-12-01T18:07:32","slug":"gruppo-koelliker-lascia-ronconi-al-suo-posto-marco-saltalamacchia","status":"publish","type":"post","link":"https:\/\/www.messinaoggi.it\/website\/2021\/12\/01\/gruppo-koelliker-lascia-ronconi-al-suo-posto-marco-saltalamacchia\/","title":{"rendered":"Gruppo Koelliker, lascia Ronconi, al suo posto Marco Saltalamacchia"},"content":{"rendered":"<div>MILANO (ITALPRESS) &#8211; Cambio al vertice del Gruppo Koelliker,  azienda leader nell&#8217;importazione e distribuzione di automobili in Italia: Luca Ronconi lascia la carica di Amministratore Delegato di Koelliker. La continuit\u00e0 delle attivit\u00e0 \u00e8 stata affidata a Marco Saltalamacchia. In qualit\u00e0 di Presidente esecutivo, proseguir\u00e0 nel solco tracciato da Ronconi, mettendo a frutto la sua profonda conoscenza del settore automotive.<br \/>Saltalamacchia in precedenza ha ricoperto varie cariche in Renault nelle funzioni commerciali, marketing e after sales, in FCA nell&#8217;ambito flotte e corporate business e in BMW, prima in qualit\u00e0 di Presidente della filiale italiana e poi come Senior Vice President Region Europe, in BMW AG a Monaco di Baviera. Nel corso di queste esperienze ha acquisito una visione globale del business automotive che, dal febbraio 2021, ha messo al servizio del Gruppo Koelliker.<br \/>&#8220;Ringraziamo Luca Ronconi per aver saputo prima risanare l&#8217;Azienda e poi tradurre in realt\u00e0 una visione che oggi \u00e8 parte del core business di Koelliker&#8221;, afferma Saltalamacchia. &#8220;Continueremo il progetto avviato e a lui auguriamo i migliori successi per le nuove opportunit\u00e0&#8221;.<br \/>(ITALPRESS).<\/div>\n<div id=\"div-gpt-ad-Messinaoggi.it-DSK-300x250-corpoart\" style=\"text-align:center;margin:0 auto;\"><\/div><\/p><div id=\"videoincontent\" style=\"clear:both\";><\/div>","protected":false},"excerpt":{"rendered":"<p>MILANO (ITALPRESS) &#8211; Cambio al vertice del Gruppo Koelliker, azienda leader nell&#8217;importazione e distribuzione di automobili in Italia: Luca Ronconi lascia la carica di Amministratore Delegato di Koelliker. La continuit\u00e0 delle attivit\u00e0 \u00e8 stata affidata a Marco Saltalamacchia. In qualit\u00e0 di Presidente esecutivo, proseguir\u00e0 nel solco tracciato da Ronconi, mettendo a frutto la sua profonda [&hellip;]<\/p>\n","protected":false},"author":18,"featured_media":89281,"comment_status":"closed","ping_status":"closed","sticky":false,"template":"","format":"standard","meta":{"ub_ctt_via":"","_mi_skip_tracking":false},"categories":[446],"tags":[783],"featured_image_src":"https:\/\/www.messinaoggi.it\/website\/wp-content\/uploads\/2021\/12\/20211201_2398.jpg","author_info":{"display_name":"Admin","author_link":"https:\/\/www.messinaoggi.it\/website\/author\/admin\/"},"digistream_id":0,"digistream":false,"_links":{"self":[{"href":"https:\/\/www.messinaoggi.it\/website\/wp-json\/wp\/v2\/posts\/89280"}],"collection":[{"href":"https:\/\/www.messinaoggi.it\/website\/wp-json\/wp\/v2\/posts"}],"about":[{"href":"https:\/\/www.messinaoggi.it\/website\/wp-json\/wp\/v2\/types\/post"}],"author":[{"embeddable":true,"href":"https:\/\/www.messinaoggi.it\/website\/wp-json\/wp\/v2\/users\/18"}],"replies":[{"embeddable":true,"href":"https:\/\/www.messinaoggi.it\/website\/wp-json\/wp\/v2\/comments?post=89280"}],"version-history":[{"count":0,"href":"https:\/\/www.messinaoggi.it\/website\/wp-json\/wp\/v2\/posts\/89280\/revisions"}],"wp:featuredmedia":[{"embeddable":true,"href":"https:\/\/www.messinaoggi.it\/website\/wp-json\/wp\/v2\/media\/89281"}],"wp:attachment":[{"href":"https:\/\/www.messinaoggi.it\/website\/wp-json\/wp\/v2\/media?parent=89280"}],"wp:term":[{"taxonomy":"category","embeddable":true,"href":"https:\/\/www.messinaoggi.it\/website\/wp-json\/wp\/v2\/categories?post=89280"},{"taxonomy":"post_tag","embeddable":true,"href":"https:\/\/www.messinaoggi.it\/website\/wp-json\/wp\/v2\/tags?post=89280"}],"curies":[{"name":"wp","href":"https:\/\/api.w.org\/{rel}","templated":true}]}}