{"id":89262,"date":"2021-12-01T17:07:34","date_gmt":"2021-12-01T16:07:34","guid":{"rendered":"https:\/\/www.messinaoggi.it\/website\/2021\/12\/01\/agricoltura-giovani-in-prima-linea-per-la-sostenibilita\/"},"modified":"2021-12-01T17:07:34","modified_gmt":"2021-12-01T16:07:34","slug":"agricoltura-giovani-in-prima-linea-per-la-sostenibilita","status":"publish","type":"post","link":"https:\/\/www.messinaoggi.it\/website\/2021\/12\/01\/agricoltura-giovani-in-prima-linea-per-la-sostenibilita\/","title":{"rendered":"Agricoltura, giovani in prima linea per la sostenibilit\u00e0"},"content":{"rendered":"<div>ROMA (ITALPRESS) &#8211; &#8220;Spesso \u00e8 difficile trovare occasioni di confronto con giovani della mia et\u00e0 su temi come quello dell&#8217;agricoltura. Per questo ho deciso di candidarmi allo Youth Ag Summit. Sono stata selezionata e ne sono estremamente felice perch\u00e8 ho trovato quello che cercavo: un&#8217;occasione di confronto con giovani di tutto il mondo sui temi di mio interesse, ovvero l&#8217;agricoltura e la sostenibilit\u00e0 nel settore. E&#8217; una ricchezza inestimabile&#8221;. Lo ha detto all&#8217;Italpress Anita Giabardo, delegata italiana alla quinta edizione dello Youth Ag Summit (YAS), conferenza globale organizzata da Bayer, nell&#8217;ambito della quale giovani leader creano una collaborazione finalizzata allo sviluppo di soluzioni sostenibili per la sicurezza alimentare e l&#8217;agricoltura globale.<br \/>&#8220;Abbiamo un&#8217;occasione senza precedenti: poter condividere le nostre idee in tempo reale con un numero indefinito di persone, poter interagire in mille modi diversi e attraverso piattaforme diverse. Le opportunit\u00e0 per fare qualcosa di incisivo si moltiplicano e lo Yas \u00e8 un esempio di questo&#8221;, ha aggiunto. Al Summit di quest&#8217;anno il direttore generale della Fao ha chiesto ai giovani massimo impegno. &#8220;Il direttore generale della Fao &#8211; ha ricordato la delegata italiana &#8211; ha detto che ha fiducia in noi e questa \u00e8 davvero una grande iniezione di fiducia&#8221;.<br \/>&#8220;Lo Yas &#8211; ha spiegato Giabardo &#8211; non si ferma dopo le due giornate di conferenze ma va avanti attraverso i meeting settimanali e la Yas University. Quest&#8217;anno, a causa dell&#8217;impossibilit\u00e0 di incontrarsi fisicamente, si \u00e8 voluto sfruttare la possibilit\u00e0 offerta dai mezzi di comunicazione digitali e prolungare questa esperienza, rendendola anche pi\u00f9 arricchente ed efficace&#8221;.<br \/>Il tema del summit \u00e8 &#8220;Feeding a hungry planet&#8221;. Ai cento delegati selezionati e provenienti da tutto il mondo \u00e8 stato chiesto di proporre soluzioni basandosi sugli obiettivi per lo sviluppo sostenibile delle Nazioni Unite. &#8220;Durante la mia laurea triennale &#8211; ha evidenziato &#8211; ho studiato viticoltura ed enologia. La mia passione \u00e8 stata la protezione delle colture e mi sono appassionata a un approccio che tiene in considerazione tutti gli aspetti della sostenibilit\u00e0, da quella economica a quella ambientale. Partendo da questa mia passione &#8211; ha continuato presentando il suo progetto &#8211; ho pensato che ci fosse la necessit\u00e0 di creare un momento di incontro tra studenti e operatori del mondo del lavoro&#8221;. L&#8217;obiettivo \u00e8 offrire agli studenti &#8220;un&#8217;occasione per mettere in pratica quanto studiato&#8221; e ai professionisti la possibilit\u00e0 di &#8220;attingere direttamente dalla ricerca le strategie pi\u00f9 efficaci ed efficienti per proteggere le colture&#8221;. &#8220;Questo momento d&#8217;incontro &#8211; ha aggiunto &#8211; \u00e8 ancora in fase di elaborazione&#8221;.<br \/>Il percorso non \u00e8 ancora terminato ma ci sono gi\u00e0 importanti aspetti di questa esperienza da portare a casa, come i &#8220;contatti di giovani come me provenienti da ogni parte del mondo&#8221; ma anche altri &#8220;contatti professionali&#8221;, ha spiegato.<br \/>Anita Giabardo \u00e8 nata nel 1997 ed \u00e8 originaria di Pravisdomini, in provincia di Pordenone. Laureata in Scienze e Tecnologie Viticole ed Enologiche all&#8217;Universit\u00e0 di Padova, ora si trova ad Athens, in Georgia (Stati Uniti), in quanto specializzanda in Crop and Soil Sciences alla University of Georgia. Resta, per\u00f2, il legame con il territorio d&#8217;origine e anche l&#8217;idea di dare un contributo al suo sviluppo. &#8220;Sono sempre stata molto coinvolta a livello associativo in realt\u00e0 che si occupano di valorizzazione del territorio. Coltivo ancora questo legame&#8221;, ha spiegato. Di fronte alle possibilit\u00e0 che si aprono anche all&#8217;estero, per\u00f2, occorre &#8220;capire bene&#8221; cosa fare in futuro. In ogni caso, &#8220;credo che sia importante dare qualcosa indietro &#8211; ha affermato &#8211; perch\u00e8 sento di aver ricevuto tantissimo dall&#8217;area da cui provengo&#8221;.<br \/>(ITALPRESS).<\/div>\n<div id=\"div-gpt-ad-Messinaoggi.it-DSK-300x250-corpoart\" style=\"text-align:center;margin:0 auto;\"><\/div><\/p><div id=\"videoincontent\" style=\"clear:both\";><\/div>","protected":false},"excerpt":{"rendered":"<p>ROMA (ITALPRESS) &#8211; &#8220;Spesso \u00e8 difficile trovare occasioni di confronto con giovani della mia et\u00e0 su temi come quello dell&#8217;agricoltura. Per questo ho deciso di candidarmi allo Youth Ag Summit. Sono stata selezionata e ne sono estremamente felice perch\u00e8 ho trovato quello che cercavo: un&#8217;occasione di confronto con giovani di tutto il mondo sui temi [&hellip;]<\/p>\n","protected":false},"author":18,"featured_media":89263,"comment_status":"closed","ping_status":"closed","sticky":false,"template":"","format":"standard","meta":{"ub_ctt_via":"","_mi_skip_tracking":false},"categories":[446],"tags":[783],"featured_image_src":"https:\/\/www.messinaoggi.it\/website\/wp-content\/uploads\/2021\/12\/20211201_2147.jpg","author_info":{"display_name":"Admin","author_link":"https:\/\/www.messinaoggi.it\/website\/author\/admin\/"},"digistream_id":0,"digistream":false,"_links":{"self":[{"href":"https:\/\/www.messinaoggi.it\/website\/wp-json\/wp\/v2\/posts\/89262"}],"collection":[{"href":"https:\/\/www.messinaoggi.it\/website\/wp-json\/wp\/v2\/posts"}],"about":[{"href":"https:\/\/www.messinaoggi.it\/website\/wp-json\/wp\/v2\/types\/post"}],"author":[{"embeddable":true,"href":"https:\/\/www.messinaoggi.it\/website\/wp-json\/wp\/v2\/users\/18"}],"replies":[{"embeddable":true,"href":"https:\/\/www.messinaoggi.it\/website\/wp-json\/wp\/v2\/comments?post=89262"}],"version-history":[{"count":0,"href":"https:\/\/www.messinaoggi.it\/website\/wp-json\/wp\/v2\/posts\/89262\/revisions"}],"wp:featuredmedia":[{"embeddable":true,"href":"https:\/\/www.messinaoggi.it\/website\/wp-json\/wp\/v2\/media\/89263"}],"wp:attachment":[{"href":"https:\/\/www.messinaoggi.it\/website\/wp-json\/wp\/v2\/media?parent=89262"}],"wp:term":[{"taxonomy":"category","embeddable":true,"href":"https:\/\/www.messinaoggi.it\/website\/wp-json\/wp\/v2\/categories?post=89262"},{"taxonomy":"post_tag","embeddable":true,"href":"https:\/\/www.messinaoggi.it\/website\/wp-json\/wp\/v2\/tags?post=89262"}],"curies":[{"name":"wp","href":"https:\/\/api.w.org\/{rel}","templated":true}]}}