{"id":89248,"date":"2021-12-01T15:02:56","date_gmt":"2021-12-01T14:02:56","guid":{"rendered":"https:\/\/www.messinaoggi.it\/website\/2021\/12\/01\/vaccino-al-via-terze-dosi-al-palazzo-di-giustizia-di-palermo\/"},"modified":"2021-12-01T15:02:56","modified_gmt":"2021-12-01T14:02:56","slug":"vaccino-al-via-terze-dosi-al-palazzo-di-giustizia-di-palermo","status":"publish","type":"post","link":"https:\/\/www.messinaoggi.it\/website\/2021\/12\/01\/vaccino-al-via-terze-dosi-al-palazzo-di-giustizia-di-palermo\/","title":{"rendered":"Vaccino, al via terze dosi al Palazzo di Giustizia di Palermo"},"content":{"rendered":"<div>\n<p>PALERMO (ITALPRESS) \u2013 Giudici, avvocatesse che hanno portato le mamme a vaccinarsi, impiegati del Tribunale accompagnati dai figli. Non \u00e8 ancora terminata ed \u00e8 gi\u00e0 un successo la seduta di vaccinazione straordinaria negli uffici del Palazzo di giustizia di Palermo, frutto della collaborazione tra la Corte d\u2019Appello e la struttura commissariale locale per la gestione dell\u2019emergenza Covid. <br \/>Da stamane alle 9 l\u2019aula magna della Corte d\u2019Appello, intitolata alla memoria dei magistrati Giovanni Falcone, Paolo Borsellino e Francesca Morvillo, si \u00e8 riempita di protagonisti delle aule di giustizia, che hanno approfittato dell\u2019occasione di avere una squadra di medici in tribunale per ricevere la terza dose di vaccino. In poco pi\u00f9 di un paio d\u2019ore sono stati 150 i vaccini effettuati dal personale sanitario della Fiera del Mediterraneo. <br \/>L\u2019iniziativa si ripeter\u00e0 il 2, 3, 6 e 7 dicembre ogni mattina, dalle 9 alle 14. E\u2019 destinata agli operatori della giustizia: magistrati, avvocati, polizia giudiziaria, impiegati e loro familiari. <br \/>Gli uffici della Corte d\u2019Appello di Palermo hanno aderito con slancio. \u201cIl vaccino \u00e8 il principale strumento attuale di tutela della salute e di tutto ci\u00f2 che alla salute \u00e8 collegato \u2013 dichiara il presidente della Corte d\u2019Appello di Palermo, Matteo Frasca -. Questa iniziativa consente, all\u2019insegna del principio di responsabilit\u00e0 e di solidariet\u00e0, di praticare il maggior numero di vaccini possibile e ringraziamo il commissario Covid di Palermo, Renato Costa, per averla voluta svolgere nei nostri uffici\u201d. <br \/>\u201cPensiamo sia una delle poche iniziative di questo tipo in Italia. Il nostro intento \u00e8 restituire normalit\u00e0 alle persone in un tempo in cui ce ne stiamo dimenticando \u2013 afferma il commissario Covid della Citt\u00e0 metropolitana di Palermo, Renato Costa -. Noi veniamo qui e allestiamo un hub vaccinale temporaneo per alcuni giorni, senza sconvolgere l\u2019attivit\u00e0 di un ufficio cos\u00ec importante, anzi. Offriamo un servizio in pi\u00f9, nello spirito della medicina di prossimit\u00e0: non limitarsi a curare in senso stretto, ma prendersi cura degli utenti nell\u2019accezione pi\u00f9 ampia possibile, rendendo i servizi pi\u00f9 agevoli e dunque anche raggiungendo la cittadinanza nei luoghi in cui vive e lavora\u201d.<br \/>(ITALPRESS).<div id=\"div-gpt-ad-Messinaoggi.it-DSK-300x250-corpoart\" style=\"text-align:center;margin:0 auto;\"><\/div><\/p>\n<\/div>\n<div id=\"videoincontent\" style=\"clear:both\";><\/div>","protected":false},"excerpt":{"rendered":"<p>PALERMO (ITALPRESS) \u2013 Giudici, avvocatesse che hanno portato le mamme a vaccinarsi, impiegati del Tribunale accompagnati dai figli. Non \u00e8 ancora terminata ed \u00e8 gi\u00e0 un successo la seduta di vaccinazione straordinaria negli uffici del Palazzo di giustizia di Palermo, frutto della collaborazione tra la Corte d\u2019Appello e la struttura commissariale locale per la gestione [&hellip;]<\/p>\n","protected":false},"author":18,"featured_media":89249,"comment_status":"closed","ping_status":"closed","sticky":false,"template":"","format":"standard","meta":{"ub_ctt_via":"","_mi_skip_tracking":false},"categories":[2449],"tags":[783],"featured_image_src":"https:\/\/www.messinaoggi.it\/website\/wp-content\/uploads\/2021\/12\/20211201_0922.jpg","author_info":{"display_name":"Admin","author_link":"https:\/\/www.messinaoggi.it\/website\/author\/admin\/"},"digistream_id":0,"digistream":false,"_links":{"self":[{"href":"https:\/\/www.messinaoggi.it\/website\/wp-json\/wp\/v2\/posts\/89248"}],"collection":[{"href":"https:\/\/www.messinaoggi.it\/website\/wp-json\/wp\/v2\/posts"}],"about":[{"href":"https:\/\/www.messinaoggi.it\/website\/wp-json\/wp\/v2\/types\/post"}],"author":[{"embeddable":true,"href":"https:\/\/www.messinaoggi.it\/website\/wp-json\/wp\/v2\/users\/18"}],"replies":[{"embeddable":true,"href":"https:\/\/www.messinaoggi.it\/website\/wp-json\/wp\/v2\/comments?post=89248"}],"version-history":[{"count":0,"href":"https:\/\/www.messinaoggi.it\/website\/wp-json\/wp\/v2\/posts\/89248\/revisions"}],"wp:featuredmedia":[{"embeddable":true,"href":"https:\/\/www.messinaoggi.it\/website\/wp-json\/wp\/v2\/media\/89249"}],"wp:attachment":[{"href":"https:\/\/www.messinaoggi.it\/website\/wp-json\/wp\/v2\/media?parent=89248"}],"wp:term":[{"taxonomy":"category","embeddable":true,"href":"https:\/\/www.messinaoggi.it\/website\/wp-json\/wp\/v2\/categories?post=89248"},{"taxonomy":"post_tag","embeddable":true,"href":"https:\/\/www.messinaoggi.it\/website\/wp-json\/wp\/v2\/tags?post=89248"}],"curies":[{"name":"wp","href":"https:\/\/api.w.org\/{rel}","templated":true}]}}