{"id":89225,"date":"2021-12-01T13:07:34","date_gmt":"2021-12-01T12:07:34","guid":{"rendered":"https:\/\/www.messinaoggi.it\/website\/2021\/12\/01\/meloni-manovra-deludente-non-ce-visione\/"},"modified":"2021-12-01T13:07:34","modified_gmt":"2021-12-01T12:07:34","slug":"meloni-manovra-deludente-non-ce-visione","status":"publish","type":"post","link":"https:\/\/www.messinaoggi.it\/website\/2021\/12\/01\/meloni-manovra-deludente-non-ce-visione\/","title":{"rendered":"Meloni \u201cManovra deludente, non c\u2019\u00e8 visione\u201d"},"content":{"rendered":"<div>ROMA (ITALPRESS) &#8211; &#8220;La legge di bilancio \u00e8 complessivamente deludente. Non penso servisse il genio di Mario Draghi per fare una legge di questo tenore, una legge dove non c&#8217;\u00e8 visione, non si pongono le basi per una crescita economica duratura&#8221;. Lo ha detto il presidente di Fratelli d&#8217;Italia Giorgia Meloni, nel corso di una conferenza stampa di presentazione degli emendamenti di FdI alla legge di Bilancio. &#8220;Il rimbalzo del Pil avuto quest&#8217;anno \u00e8 fisiologico dopo una contrazione del 9% dello scorso anno, se non si fanno dei provvedimenti importanti non ci sar\u00e0 una crescita duratura&#8221;, ha aggiunto.<br \/>&#8220;Il ddl di bilancio \u00e8 stato presentato in Parlamento lo scorso 11 novembre, quindi due settimane dopo l&#8217;approvazione in Cdm e quasi 20 giorni dopo il termine previsto dalla legge. Questo comporta una ulteriore compressione dei lavori parlamentari, compressione della possibilit\u00e0 di discutere sul provvedimento pi\u00f9 importante. L&#8217;atteggiamento del governo sta diventando intollerabile. Si procede con l&#8217;impossibilit\u00e0 di discutere di proposte emendative&#8221;, ha sottolineato Meloni, che ha aggiunto: &#8220;Il Parlamento dunque non esiste. Sono colpita dal silenzio della stampa su questo tema&#8221;, ha aggiunto.<br \/>(ITALPRESS).<\/div>\n<div id=\"div-gpt-ad-Messinaoggi.it-DSK-300x250-corpoart\" style=\"text-align:center;margin:0 auto;\"><\/div><\/p><div id=\"videoincontent\" style=\"clear:both\";><\/div>","protected":false},"excerpt":{"rendered":"<p>ROMA (ITALPRESS) &#8211; &#8220;La legge di bilancio \u00e8 complessivamente deludente. Non penso servisse il genio di Mario Draghi per fare una legge di questo tenore, una legge dove non c&#8217;\u00e8 visione, non si pongono le basi per una crescita economica duratura&#8221;. Lo ha detto il presidente di Fratelli d&#8217;Italia Giorgia Meloni, nel corso di una [&hellip;]<\/p>\n","protected":false},"author":18,"featured_media":89226,"comment_status":"closed","ping_status":"closed","sticky":false,"template":"","format":"standard","meta":{"ub_ctt_via":"","_mi_skip_tracking":false},"categories":[446],"tags":[783],"featured_image_src":"https:\/\/www.messinaoggi.it\/website\/wp-content\/uploads\/2021\/12\/20211201_0529.jpg","author_info":{"display_name":"Admin","author_link":"https:\/\/www.messinaoggi.it\/website\/author\/admin\/"},"digistream_id":0,"digistream":false,"_links":{"self":[{"href":"https:\/\/www.messinaoggi.it\/website\/wp-json\/wp\/v2\/posts\/89225"}],"collection":[{"href":"https:\/\/www.messinaoggi.it\/website\/wp-json\/wp\/v2\/posts"}],"about":[{"href":"https:\/\/www.messinaoggi.it\/website\/wp-json\/wp\/v2\/types\/post"}],"author":[{"embeddable":true,"href":"https:\/\/www.messinaoggi.it\/website\/wp-json\/wp\/v2\/users\/18"}],"replies":[{"embeddable":true,"href":"https:\/\/www.messinaoggi.it\/website\/wp-json\/wp\/v2\/comments?post=89225"}],"version-history":[{"count":0,"href":"https:\/\/www.messinaoggi.it\/website\/wp-json\/wp\/v2\/posts\/89225\/revisions"}],"wp:featuredmedia":[{"embeddable":true,"href":"https:\/\/www.messinaoggi.it\/website\/wp-json\/wp\/v2\/media\/89226"}],"wp:attachment":[{"href":"https:\/\/www.messinaoggi.it\/website\/wp-json\/wp\/v2\/media?parent=89225"}],"wp:term":[{"taxonomy":"category","embeddable":true,"href":"https:\/\/www.messinaoggi.it\/website\/wp-json\/wp\/v2\/categories?post=89225"},{"taxonomy":"post_tag","embeddable":true,"href":"https:\/\/www.messinaoggi.it\/website\/wp-json\/wp\/v2\/tags?post=89225"}],"curies":[{"name":"wp","href":"https:\/\/api.w.org\/{rel}","templated":true}]}}