{"id":89170,"date":"2021-11-30T19:07:43","date_gmt":"2021-11-30T18:07:43","guid":{"rendered":"https:\/\/www.messinaoggi.it\/website\/2021\/11\/30\/pellegrini-vince-gli-ultimi-200-sl-della-sua-carriera\/"},"modified":"2021-11-30T19:07:43","modified_gmt":"2021-11-30T18:07:43","slug":"pellegrini-vince-gli-ultimi-200-sl-della-sua-carriera","status":"publish","type":"post","link":"https:\/\/www.messinaoggi.it\/website\/2021\/11\/30\/pellegrini-vince-gli-ultimi-200-sl-della-sua-carriera\/","title":{"rendered":"Pellegrini vince gli ultimi 200 sl della sua carriera"},"content":{"rendered":"<div>RICCIONE (ITALPRESS) &#8211; Qualche lacrima prima di partire, un inchino e il gesto del cuore fatto con le mani all&#8217;arrivo: Federica Pellegrini nuota l&#8217;ultimo 200 stile libero individuale della sua carriera e porta a casa il titolo italiano agli Assoluti invernali in vasca corta di Riccione. 1&#8217;54&#8243;95 il tempo della Divina che le vale il primo posto davanti a Rachele Ceracchi e Margherita Panziera. Emozioni incontenibili per la &#8216;Divin\u00e0 subito dopo la gara: &#8220;Sono arrivata proprio al limite, ho detto speriamo che mi buttino in acqua il prima possibile. Ero sull&#8217;orlo di una crisi di nervi &#8211; scherza la campionessa veneta &#8211; E&#8217; stato bello e importantissimo per me finire qua con la possibilit\u00e0 di avere la mia famiglia vicino&#8221;. &#8220;Due sentimenti diversi si sovrappongono: il primo \u00e8 quello di dirigente sportivo, c&#8217;\u00e8 una gratitudine che non ha aggettivi o parole. Poi c&#8217;\u00e8 la componente affettiva e umana. Non bisogna prenderlo come un momento triste, anche se capisco che per certi versi lo \u00e8 per tutti. Per\u00f2 \u00e8 il riconoscimento della sua grandezza &#8211; il commento del presidente del Coni Giovanni Malag\u00f2 a Raisport &#8211; Il valore aggiunto che ha dato al nuoto e allo sport italiano \u00e8 il suo pi\u00f9 grande lascito. Ha fatto crescere tutti&#8221;.<br \/>(ITALPRESS).<\/div>\n<div id=\"div-gpt-ad-Messinaoggi.it-DSK-300x250-corpoart\" style=\"text-align:center;margin:0 auto;\"><\/div><\/p><div id=\"videoincontent\" style=\"clear:both\";><\/div>","protected":false},"excerpt":{"rendered":"<p>RICCIONE (ITALPRESS) &#8211; Qualche lacrima prima di partire, un inchino e il gesto del cuore fatto con le mani all&#8217;arrivo: Federica Pellegrini nuota l&#8217;ultimo 200 stile libero individuale della sua carriera e porta a casa il titolo italiano agli Assoluti invernali in vasca corta di Riccione. 1&#8217;54&#8243;95 il tempo della Divina che le vale il [&hellip;]<\/p>\n","protected":false},"author":18,"featured_media":89171,"comment_status":"closed","ping_status":"closed","sticky":false,"template":"","format":"standard","meta":{"ub_ctt_via":"","_mi_skip_tracking":false},"categories":[446],"tags":[783],"featured_image_src":"https:\/\/www.messinaoggi.it\/website\/wp-content\/uploads\/2021\/11\/20211130_1993.jpg","author_info":{"display_name":"Admin","author_link":"https:\/\/www.messinaoggi.it\/website\/author\/admin\/"},"digistream_id":0,"digistream":false,"_links":{"self":[{"href":"https:\/\/www.messinaoggi.it\/website\/wp-json\/wp\/v2\/posts\/89170"}],"collection":[{"href":"https:\/\/www.messinaoggi.it\/website\/wp-json\/wp\/v2\/posts"}],"about":[{"href":"https:\/\/www.messinaoggi.it\/website\/wp-json\/wp\/v2\/types\/post"}],"author":[{"embeddable":true,"href":"https:\/\/www.messinaoggi.it\/website\/wp-json\/wp\/v2\/users\/18"}],"replies":[{"embeddable":true,"href":"https:\/\/www.messinaoggi.it\/website\/wp-json\/wp\/v2\/comments?post=89170"}],"version-history":[{"count":0,"href":"https:\/\/www.messinaoggi.it\/website\/wp-json\/wp\/v2\/posts\/89170\/revisions"}],"wp:featuredmedia":[{"embeddable":true,"href":"https:\/\/www.messinaoggi.it\/website\/wp-json\/wp\/v2\/media\/89171"}],"wp:attachment":[{"href":"https:\/\/www.messinaoggi.it\/website\/wp-json\/wp\/v2\/media?parent=89170"}],"wp:term":[{"taxonomy":"category","embeddable":true,"href":"https:\/\/www.messinaoggi.it\/website\/wp-json\/wp\/v2\/categories?post=89170"},{"taxonomy":"post_tag","embeddable":true,"href":"https:\/\/www.messinaoggi.it\/website\/wp-json\/wp\/v2\/tags?post=89170"}],"curies":[{"name":"wp","href":"https:\/\/api.w.org\/{rel}","templated":true}]}}