{"id":89134,"date":"2021-11-30T17:07:33","date_gmt":"2021-11-30T16:07:33","guid":{"rendered":"https:\/\/www.messinaoggi.it\/website\/2021\/11\/30\/carabinieri-ed-enel-piu-vicini-per-la-tutela-del-paese\/"},"modified":"2021-11-30T17:07:33","modified_gmt":"2021-11-30T16:07:33","slug":"carabinieri-ed-enel-piu-vicini-per-la-tutela-del-paese","status":"publish","type":"post","link":"https:\/\/www.messinaoggi.it\/website\/2021\/11\/30\/carabinieri-ed-enel-piu-vicini-per-la-tutela-del-paese\/","title":{"rendered":"Carabinieri ed Enel pi\u00f9 vicini per la tutela del Paese"},"content":{"rendered":"<div>ROMA (ITALPRESS) &#8211; L&#8217;Arma dei Carabinieri ed Enel ancora pi\u00f9 vicine per la prevenzione e il contrasto all&#8217;illegalit\u00e0, la tutela dell&#8217;ambiente e del territorio. Un impegno sottoscritto oggi dal Comandante Generale dell&#8217;Arma dei Carabinieri Teo Luzi e dal Presidente di Enel Italia S.p.A. Carlo Tamburi, focalizzato sulla protezione dell&#8217;ambiente e delle risorse naturali, la lotta ai cambiamenti climatici e il contributo per uno sviluppo economico sostenibile. Particolare attenzione sar\u00e0 dedicata alla tutela alla sicurezza e continuit\u00e0 operativa delle reti e delle infrastrutture elettriche, alla protezione del personale preposto alla loro gestione e al patrimonio aziendale.<br \/>L&#8217;intesa punta alla valorizzazione della presenza capillare dell&#8217;Arma e dell&#8217;Enel in tutta Italia come punto di partenza per azioni congiunte. Il nuovo modello di sicurezza partecipata, che insieme intendono perseguire, permetter\u00e0 di affrontare congiuntamente le complesse problematiche connesse alla salvaguardia del territorio.<br \/>L&#8217;Arma coinvolger\u00e0 i Reparti delle Organizzazioni Speciale e Forestale, con particolare riferimento ai Comandi Carabinieri per Tutela Ambientale e la Transizione Ecologica, nonch\u00e8 per la Tutela della Biodiversit\u00e0 e dei Parchi. Enel, attraverso le proprie articolazioni territoriali, garantir\u00e0 un tempestivo scambio informativo sulle situazioni di interesse per i Carabinieri, segnalando altres\u00ec eventuali criticit\u00e0 ambientali, con particolare attenzione alla prevenzione degli incendi boschivi.<br \/>L&#8217;intesa prevede inoltre progetti di efficientamento energetico delle strutture di propriet\u00e0 dell&#8217;Arma sul territorio nazionale e per lo sviluppo della mobilit\u00e0 sostenibile.<br \/>&#8220;Lo sviluppo di una nuova forma di collaborazione con una prestigiosa istituzione come l&#8217;Arma dei Carabinieri &#8211; ha commentato il Presidente di Enel Italia, Carlo Tamburi &#8211; \u00e8 in linea con il nostro impegno per la sostenibilit\u00e0 e ci permetter\u00e0 di garantire maggiore sicurezza alle donne e agli uomini che lavorano in Enel e alle infrastrutture aziendali che garantiscono un servizio essenziale per l&#8217;intera Comunit\u00e0&#8221;. <br \/>&#8220;L&#8217;Arma dei Carabinieri e l&#8217;Enel rafforzano oggi la loro collaborazione, con il comune intento di promuovere la legalit\u00e0 e proteggere l&#8217;ambiente &#8211; ha sottolineato il Comandante Generale dell&#8217;Arma dei Carabinieri, Generale di Corpo d&#8217;Armata Teo Luzi &#8211; due realt\u00e0, l&#8217;Enel e l&#8217;Arma, entrambe capillari sul territorio nazionale e a servizio dei cittadini, che chiedono, a gran voce e con una rinnovata coscienza ambientale, di proteggere il nostro pianeta e contrastare i cambiamenti climatici. I Carabinieri, come prima forza di polizia ambientale in Europa, hanno tra le loro priorit\u00e0 assolute la tutela dell&#8217;ambiente e della legalit\u00e0, priorit\u00e0 oggi condivise formalmente anche con Enel&#8221;.<br \/>(ITALPRESS).<\/div>\n<div id=\"div-gpt-ad-Messinaoggi.it-DSK-300x250-corpoart\" style=\"text-align:center;margin:0 auto;\"><\/div><\/p><div id=\"videoincontent\" style=\"clear:both\";><\/div>","protected":false},"excerpt":{"rendered":"<p>ROMA (ITALPRESS) &#8211; L&#8217;Arma dei Carabinieri ed Enel ancora pi\u00f9 vicine per la prevenzione e il contrasto all&#8217;illegalit\u00e0, la tutela dell&#8217;ambiente e del territorio. Un impegno sottoscritto oggi dal Comandante Generale dell&#8217;Arma dei Carabinieri Teo Luzi e dal Presidente di Enel Italia S.p.A. Carlo Tamburi, focalizzato sulla protezione dell&#8217;ambiente e delle risorse naturali, la lotta [&hellip;]<\/p>\n","protected":false},"author":18,"featured_media":89135,"comment_status":"closed","ping_status":"closed","sticky":false,"template":"","format":"standard","meta":{"ub_ctt_via":"","_mi_skip_tracking":false},"categories":[446],"tags":[783],"featured_image_src":"https:\/\/www.messinaoggi.it\/website\/wp-content\/uploads\/2021\/11\/20211130_1541.jpg","author_info":{"display_name":"Admin","author_link":"https:\/\/www.messinaoggi.it\/website\/author\/admin\/"},"digistream_id":0,"digistream":false,"_links":{"self":[{"href":"https:\/\/www.messinaoggi.it\/website\/wp-json\/wp\/v2\/posts\/89134"}],"collection":[{"href":"https:\/\/www.messinaoggi.it\/website\/wp-json\/wp\/v2\/posts"}],"about":[{"href":"https:\/\/www.messinaoggi.it\/website\/wp-json\/wp\/v2\/types\/post"}],"author":[{"embeddable":true,"href":"https:\/\/www.messinaoggi.it\/website\/wp-json\/wp\/v2\/users\/18"}],"replies":[{"embeddable":true,"href":"https:\/\/www.messinaoggi.it\/website\/wp-json\/wp\/v2\/comments?post=89134"}],"version-history":[{"count":0,"href":"https:\/\/www.messinaoggi.it\/website\/wp-json\/wp\/v2\/posts\/89134\/revisions"}],"wp:featuredmedia":[{"embeddable":true,"href":"https:\/\/www.messinaoggi.it\/website\/wp-json\/wp\/v2\/media\/89135"}],"wp:attachment":[{"href":"https:\/\/www.messinaoggi.it\/website\/wp-json\/wp\/v2\/media?parent=89134"}],"wp:term":[{"taxonomy":"category","embeddable":true,"href":"https:\/\/www.messinaoggi.it\/website\/wp-json\/wp\/v2\/categories?post=89134"},{"taxonomy":"post_tag","embeddable":true,"href":"https:\/\/www.messinaoggi.it\/website\/wp-json\/wp\/v2\/tags?post=89134"}],"curies":[{"name":"wp","href":"https:\/\/api.w.org\/{rel}","templated":true}]}}