{"id":89127,"date":"2021-11-30T16:53:16","date_gmt":"2021-11-30T15:53:16","guid":{"rendered":"http:\/\/www.messinaoggi.it\/website\/?p=89127"},"modified":"2021-11-30T16:53:53","modified_gmt":"2021-11-30T15:53:53","slug":"il-palarescifina-non-sara-piu-hub-vaccinale","status":"publish","type":"post","link":"https:\/\/www.messinaoggi.it\/website\/2021\/11\/30\/il-palarescifina-non-sara-piu-hub-vaccinale\/","title":{"rendered":"Il PalaRescifina non sar\u00e0 pi\u00f9 hub vaccinale"},"content":{"rendered":"\n<p>Da domani (mercoled\u00ec 1\u00b0dicembre) il Palarescifina di Messina chiuder\u00e0 come hub vaccinale e rimarr\u00e0 aperto solo per svolgere attivit\u00e0 di \u201cdrive in\u201d per le scuole, prevista nell\u2019area esterna, ed effettuare i tamponi di controllo per chi \u00e8 stato contagiato dal Covid e deve verificare se \u00e8 ancora positivo, ma solo su convocazione da parte delle Usca.<div id=\"div-gpt-ad-Messinaoggi.it-DSK-300x250-corpoart\" style=\"text-align:center;margin:0 auto;\"><\/div><\/p>\n\n\n\n<p>Le vaccinazioni nella citt\u00e0 di Messina proseguiranno regolarmente negli hub Fiera e Ospedale militare. Gli utenti che avevano gi\u00e0 prenotato il vaccino al Palarescifina potranno riceverlo in Fiera.<div id=\"videoincontent\" style=\"clear:both\";><\/div><\/p>\n","protected":false},"excerpt":{"rendered":"<p>Da domani (mercoled\u00ec 1\u00b0dicembre) il Palarescifina di Messina chiuder\u00e0 come hub vaccinale e rimarr\u00e0 aperto solo per svolgere attivit\u00e0 di \u201cdrive in\u201d per le scuole, prevista nell\u2019area esterna, ed effettuare i tamponi di controllo per chi \u00e8 stato contagiato dal Covid e deve verificare se \u00e8 ancora positivo, ma solo su convocazione da parte delle [&hellip;]<\/p>\n","protected":false},"author":4,"featured_media":89128,"comment_status":"open","ping_status":"open","sticky":false,"template":"","format":"standard","meta":{"ub_ctt_via":"","_mi_skip_tracking":false},"categories":[221],"tags":[1217],"featured_image_src":"https:\/\/www.messinaoggi.it\/website\/wp-content\/uploads\/2021\/11\/IMG-20211130-WA0023.jpg","author_info":{"display_name":"redme","author_link":"https:\/\/www.messinaoggi.it\/website\/author\/redme\/"},"digistream_id":0,"digistream":false,"_links":{"self":[{"href":"https:\/\/www.messinaoggi.it\/website\/wp-json\/wp\/v2\/posts\/89127"}],"collection":[{"href":"https:\/\/www.messinaoggi.it\/website\/wp-json\/wp\/v2\/posts"}],"about":[{"href":"https:\/\/www.messinaoggi.it\/website\/wp-json\/wp\/v2\/types\/post"}],"author":[{"embeddable":true,"href":"https:\/\/www.messinaoggi.it\/website\/wp-json\/wp\/v2\/users\/4"}],"replies":[{"embeddable":true,"href":"https:\/\/www.messinaoggi.it\/website\/wp-json\/wp\/v2\/comments?post=89127"}],"version-history":[{"count":1,"href":"https:\/\/www.messinaoggi.it\/website\/wp-json\/wp\/v2\/posts\/89127\/revisions"}],"predecessor-version":[{"id":89129,"href":"https:\/\/www.messinaoggi.it\/website\/wp-json\/wp\/v2\/posts\/89127\/revisions\/89129"}],"wp:featuredmedia":[{"embeddable":true,"href":"https:\/\/www.messinaoggi.it\/website\/wp-json\/wp\/v2\/media\/89128"}],"wp:attachment":[{"href":"https:\/\/www.messinaoggi.it\/website\/wp-json\/wp\/v2\/media?parent=89127"}],"wp:term":[{"taxonomy":"category","embeddable":true,"href":"https:\/\/www.messinaoggi.it\/website\/wp-json\/wp\/v2\/categories?post=89127"},{"taxonomy":"post_tag","embeddable":true,"href":"https:\/\/www.messinaoggi.it\/website\/wp-json\/wp\/v2\/tags?post=89127"}],"curies":[{"name":"wp","href":"https:\/\/api.w.org\/{rel}","templated":true}]}}