{"id":89119,"date":"2021-11-30T16:07:36","date_gmt":"2021-11-30T15:07:36","guid":{"rendered":"https:\/\/www.messinaoggi.it\/website\/2021\/11\/30\/inchiesta-sulla-juve-elkann-fiducia-nella-magistratura\/"},"modified":"2021-11-30T16:07:36","modified_gmt":"2021-11-30T15:07:36","slug":"inchiesta-sulla-juve-elkann-fiducia-nella-magistratura","status":"publish","type":"post","link":"https:\/\/www.messinaoggi.it\/website\/2021\/11\/30\/inchiesta-sulla-juve-elkann-fiducia-nella-magistratura\/","title":{"rendered":"Inchiesta sulla Juve, Elkann \u201cFiducia nella magistratura\u201d"},"content":{"rendered":"<div>TORINO (ITALPRESS) &#8211; &#8220;Sulle indagini in corso, Juventus collabora e confida di poter far luce. Per quanto ci riguarda come Exor, sono fiducioso nell&#8217;operato della magistratura. La Juventus ha un nuovo cda, un nuovo ad e un nuovo ds cos\u00ec come un nuovo allenatore. Stanno affrontando, loro con il presidente e il vicepresidente, un momento di difficolt\u00e0 come ne capitano, e sono convinto che il futuro della Juventus sar\u00e0 importante come la sua storia. E&#8217; una grande societ\u00e0 e c&#8217;\u00e8 la volont\u00e0 che resti tale&#8221;. John Elkann, presidente di Exor, durante la conferenza stampa che introduce l&#8217;investor day della holding finanziaria che possiede, tra le altre, la maggioranza della societ\u00e0 bianconera, si pronuncia sull&#8217;inchiesta della Procura di Torino sul caso plusvalenze. &#8220;La storia della Juventus \u00e8 pi\u00f9 che centenaria &#8211; ha sottolineato &#8211; Quello che conta \u00e8 guardare alla competitivit\u00e0. C&#8217;\u00e8 stato un forte cambio nella societ\u00e0, e si devono conciliare parametri sportivi ed economici. Bisogna inoltre lavorare sulle persone e sulla cultura. Questo fanno le societ\u00e0 di successo nel mondo sportivo e non&#8221;. Elkann \u00e8 anche tornato sull&#8217;addio di CR7: &#8220;Cristiano Ronaldo \u00e8 stata un&#8217;operazione importante per la Juventus. Sappiamo per\u00f2 anche che il contesto che la Juventus e il calcio hanno vissuto negli ultimi anni ha impattato sotto molti aspetti&#8221;. <br \/>(ITALPRESS).<\/div>\n<div id=\"div-gpt-ad-Messinaoggi.it-DSK-300x250-corpoart\" style=\"text-align:center;margin:0 auto;\"><\/div><\/p><div id=\"videoincontent\" style=\"clear:both\";><\/div>","protected":false},"excerpt":{"rendered":"<p>TORINO (ITALPRESS) &#8211; &#8220;Sulle indagini in corso, Juventus collabora e confida di poter far luce. Per quanto ci riguarda come Exor, sono fiducioso nell&#8217;operato della magistratura. La Juventus ha un nuovo cda, un nuovo ad e un nuovo ds cos\u00ec come un nuovo allenatore. Stanno affrontando, loro con il presidente e il vicepresidente, un momento [&hellip;]<\/p>\n","protected":false},"author":18,"featured_media":89120,"comment_status":"closed","ping_status":"closed","sticky":false,"template":"","format":"standard","meta":{"ub_ctt_via":"","_mi_skip_tracking":false},"categories":[446],"tags":[783],"featured_image_src":"https:\/\/www.messinaoggi.it\/website\/wp-content\/uploads\/2021\/11\/20211130_0920.jpg","author_info":{"display_name":"Admin","author_link":"https:\/\/www.messinaoggi.it\/website\/author\/admin\/"},"digistream_id":0,"digistream":false,"_links":{"self":[{"href":"https:\/\/www.messinaoggi.it\/website\/wp-json\/wp\/v2\/posts\/89119"}],"collection":[{"href":"https:\/\/www.messinaoggi.it\/website\/wp-json\/wp\/v2\/posts"}],"about":[{"href":"https:\/\/www.messinaoggi.it\/website\/wp-json\/wp\/v2\/types\/post"}],"author":[{"embeddable":true,"href":"https:\/\/www.messinaoggi.it\/website\/wp-json\/wp\/v2\/users\/18"}],"replies":[{"embeddable":true,"href":"https:\/\/www.messinaoggi.it\/website\/wp-json\/wp\/v2\/comments?post=89119"}],"version-history":[{"count":0,"href":"https:\/\/www.messinaoggi.it\/website\/wp-json\/wp\/v2\/posts\/89119\/revisions"}],"wp:featuredmedia":[{"embeddable":true,"href":"https:\/\/www.messinaoggi.it\/website\/wp-json\/wp\/v2\/media\/89120"}],"wp:attachment":[{"href":"https:\/\/www.messinaoggi.it\/website\/wp-json\/wp\/v2\/media?parent=89119"}],"wp:term":[{"taxonomy":"category","embeddable":true,"href":"https:\/\/www.messinaoggi.it\/website\/wp-json\/wp\/v2\/categories?post=89119"},{"taxonomy":"post_tag","embeddable":true,"href":"https:\/\/www.messinaoggi.it\/website\/wp-json\/wp\/v2\/tags?post=89119"}],"curies":[{"name":"wp","href":"https:\/\/api.w.org\/{rel}","templated":true}]}}