{"id":89096,"date":"2021-11-30T14:16:46","date_gmt":"2021-11-30T13:16:46","guid":{"rendered":"http:\/\/www.messinaoggi.it\/website\/?p=89096"},"modified":"2021-11-30T14:16:51","modified_gmt":"2021-11-30T13:16:51","slug":"domani-il-palarescifina-chiude-per-i-vaccini","status":"publish","type":"post","link":"https:\/\/www.messinaoggi.it\/website\/2021\/11\/30\/domani-il-palarescifina-chiude-per-i-vaccini\/","title":{"rendered":"Domani il Palarescifina chiude per i vaccini"},"content":{"rendered":"\n<p>Da domani, mercoled\u00ec 1\u00b0dicembre, il Palarescifina di Messina chiuder\u00e0 come hub vaccinale e rimarr\u00e0 aperto solo per svolgere attivit\u00e0 di \u201cdrive in\u201d per le scuole, prevista nell\u2019area esterna, ed effettuare i tamponi di controllo per chi \u00e8 stato contagiato dal covid e deve verificare se \u00e8 ancora positivo, ma solo su convocazione da parte delle USCA.<div id=\"div-gpt-ad-Messinaoggi.it-DSK-300x250-corpoart\" style=\"text-align:center;margin:0 auto;\"><\/div><\/p>\n\n\n\n<p>Le vaccinazioni nella citt\u00e0 di Messina proseguiranno regolarmente negli hub Fiera e Ospedale militare. Gli utenti che avevano gi\u00e0 prenotato il vaccino al Palarescifina potranno riceverlo in Fiera.<div id=\"videoincontent\" style=\"clear:both\";><\/div><\/p>\n","protected":false},"excerpt":{"rendered":"<p>Da domani, mercoled\u00ec 1\u00b0dicembre, il Palarescifina di Messina chiuder\u00e0 come hub vaccinale e rimarr\u00e0 aperto solo per svolgere attivit\u00e0 di \u201cdrive in\u201d per le scuole, prevista nell\u2019area esterna, ed effettuare i tamponi di controllo per chi \u00e8 stato contagiato dal covid e deve verificare se \u00e8 ancora positivo, ma solo su convocazione da parte delle [&hellip;]<\/p>\n","protected":false},"author":8,"featured_media":89097,"comment_status":"open","ping_status":"open","sticky":false,"template":"","format":"standard","meta":{"ub_ctt_via":"","_mi_skip_tracking":false},"categories":[221],"tags":[961,1217],"featured_image_src":"https:\/\/www.messinaoggi.it\/website\/wp-content\/uploads\/2021\/11\/hub-Palarescifina.jpg","author_info":{"display_name":"red..me","author_link":"https:\/\/www.messinaoggi.it\/website\/author\/redstage\/"},"digistream_id":0,"digistream":false,"_links":{"self":[{"href":"https:\/\/www.messinaoggi.it\/website\/wp-json\/wp\/v2\/posts\/89096"}],"collection":[{"href":"https:\/\/www.messinaoggi.it\/website\/wp-json\/wp\/v2\/posts"}],"about":[{"href":"https:\/\/www.messinaoggi.it\/website\/wp-json\/wp\/v2\/types\/post"}],"author":[{"embeddable":true,"href":"https:\/\/www.messinaoggi.it\/website\/wp-json\/wp\/v2\/users\/8"}],"replies":[{"embeddable":true,"href":"https:\/\/www.messinaoggi.it\/website\/wp-json\/wp\/v2\/comments?post=89096"}],"version-history":[{"count":1,"href":"https:\/\/www.messinaoggi.it\/website\/wp-json\/wp\/v2\/posts\/89096\/revisions"}],"predecessor-version":[{"id":89098,"href":"https:\/\/www.messinaoggi.it\/website\/wp-json\/wp\/v2\/posts\/89096\/revisions\/89098"}],"wp:featuredmedia":[{"embeddable":true,"href":"https:\/\/www.messinaoggi.it\/website\/wp-json\/wp\/v2\/media\/89097"}],"wp:attachment":[{"href":"https:\/\/www.messinaoggi.it\/website\/wp-json\/wp\/v2\/media?parent=89096"}],"wp:term":[{"taxonomy":"category","embeddable":true,"href":"https:\/\/www.messinaoggi.it\/website\/wp-json\/wp\/v2\/categories?post=89096"},{"taxonomy":"post_tag","embeddable":true,"href":"https:\/\/www.messinaoggi.it\/website\/wp-json\/wp\/v2\/tags?post=89096"}],"curies":[{"name":"wp","href":"https:\/\/api.w.org\/{rel}","templated":true}]}}