{"id":89080,"date":"2021-11-30T12:07:33","date_gmt":"2021-11-30T11:07:33","guid":{"rendered":"https:\/\/www.messinaoggi.it\/website\/2021\/11\/30\/draghi-leuropa-non-puo-affrontare-da-sola-la-transizione-verde\/"},"modified":"2021-11-30T12:07:33","modified_gmt":"2021-11-30T11:07:33","slug":"draghi-leuropa-non-puo-affrontare-da-sola-la-transizione-verde","status":"publish","type":"post","link":"https:\/\/www.messinaoggi.it\/website\/2021\/11\/30\/draghi-leuropa-non-puo-affrontare-da-sola-la-transizione-verde\/","title":{"rendered":"Draghi \u201cL\u2019Europa non pu\u00f2 affrontare da sola la transizione verde\u201d"},"content":{"rendered":"<div>ROMA (ITALPRESS) &#8211; &#8220;L&#8217;Europa vuole guidare la transizione verde ma non pu\u00f2 affrontarla da sola. Il continente produce l&#8217;8% delle emissioni globali, la met\u00e0 degli Stati Uniti e un quarto della Cina, la velocit\u00e0 con cui i paesi arriveranno alla neutralit\u00e0 climatica non sar\u00e0 uguale per tutti ma \u00e8 importante che il punto di partenza sia lo stesso, cio\u00e8 oggi&#8221;. Lo ha detto il presidente del Consiglio, Mario Draghi, intervenendo all&#8217;evento &#8220;Lavoro ed Energia per una transizione sostenibile&#8221; organizzato da Confindustria Energia.<br \/>&#8220;E&#8217; importante che tutti paesi prestino fede agli impegni presi, serve il contributo di tutti&#8221;, ha aggiunto. &#8220;La transizione ecologica ha una importanza esistenziale come individui e come Italia. E&#8217; bellissimo che di fronte a sfide fondamentali tutti trovino il modo di andare d&#8217;accordo&#8221;, ha proseguito Draghi.<br \/>&#8220;Il Pnrr assegna quasi il 40% dei fondi a riforme e investimenti per favorire la transizione ecologica &#8211; ha spiegato il presidente del Consiglio -. Questo piano vincola gli stanziamenti al raggiungimento di precisi risultati con scadenze definite per i prossimi 5 anni. Nel frattempo, per limitare i rincari nel breve periodo e per aiutare in particolare le famiglie pi\u00f9 vulnerabili e pi\u00f9 povere, abbiamo stanziato 1,2 miliardi di euro a giugno e oltre 3 miliardi a settembre. Siamo pronti a intervenire di nuovo e di nuovo con particolare attenzione alle fasce pi\u00f9 deboli&#8221;.<br \/>(ITALPRESS).<\/div>\n<div id=\"div-gpt-ad-Messinaoggi.it-DSK-300x250-corpoart\" style=\"text-align:center;margin:0 auto;\"><\/div><\/p><div id=\"videoincontent\" style=\"clear:both\";><\/div>","protected":false},"excerpt":{"rendered":"<p>ROMA (ITALPRESS) &#8211; &#8220;L&#8217;Europa vuole guidare la transizione verde ma non pu\u00f2 affrontarla da sola. Il continente produce l&#8217;8% delle emissioni globali, la met\u00e0 degli Stati Uniti e un quarto della Cina, la velocit\u00e0 con cui i paesi arriveranno alla neutralit\u00e0 climatica non sar\u00e0 uguale per tutti ma \u00e8 importante che il punto di partenza [&hellip;]<\/p>\n","protected":false},"author":18,"featured_media":89081,"comment_status":"closed","ping_status":"closed","sticky":false,"template":"","format":"standard","meta":{"ub_ctt_via":"","_mi_skip_tracking":false},"categories":[446],"tags":[783],"featured_image_src":"https:\/\/www.messinaoggi.it\/website\/wp-content\/uploads\/2021\/11\/20211130_0298.jpg","author_info":{"display_name":"Admin","author_link":"https:\/\/www.messinaoggi.it\/website\/author\/admin\/"},"digistream_id":0,"digistream":false,"_links":{"self":[{"href":"https:\/\/www.messinaoggi.it\/website\/wp-json\/wp\/v2\/posts\/89080"}],"collection":[{"href":"https:\/\/www.messinaoggi.it\/website\/wp-json\/wp\/v2\/posts"}],"about":[{"href":"https:\/\/www.messinaoggi.it\/website\/wp-json\/wp\/v2\/types\/post"}],"author":[{"embeddable":true,"href":"https:\/\/www.messinaoggi.it\/website\/wp-json\/wp\/v2\/users\/18"}],"replies":[{"embeddable":true,"href":"https:\/\/www.messinaoggi.it\/website\/wp-json\/wp\/v2\/comments?post=89080"}],"version-history":[{"count":0,"href":"https:\/\/www.messinaoggi.it\/website\/wp-json\/wp\/v2\/posts\/89080\/revisions"}],"wp:featuredmedia":[{"embeddable":true,"href":"https:\/\/www.messinaoggi.it\/website\/wp-json\/wp\/v2\/media\/89081"}],"wp:attachment":[{"href":"https:\/\/www.messinaoggi.it\/website\/wp-json\/wp\/v2\/media?parent=89080"}],"wp:term":[{"taxonomy":"category","embeddable":true,"href":"https:\/\/www.messinaoggi.it\/website\/wp-json\/wp\/v2\/categories?post=89080"},{"taxonomy":"post_tag","embeddable":true,"href":"https:\/\/www.messinaoggi.it\/website\/wp-json\/wp\/v2\/tags?post=89080"}],"curies":[{"name":"wp","href":"https:\/\/api.w.org\/{rel}","templated":true}]}}