{"id":89073,"date":"2021-11-30T10:24:07","date_gmt":"2021-11-30T09:24:07","guid":{"rendered":"http:\/\/www.messinaoggi.it\/website\/?p=89073"},"modified":"2021-11-30T10:24:08","modified_gmt":"2021-11-30T09:24:08","slug":"camaro-sottomontagna-piovono-calcinacci-dagli-alloggi-popolari-gioveni-e-cacciotto-scrivono-ad-arisme","status":"publish","type":"post","link":"https:\/\/www.messinaoggi.it\/website\/2021\/11\/30\/camaro-sottomontagna-piovono-calcinacci-dagli-alloggi-popolari-gioveni-e-cacciotto-scrivono-ad-arisme\/","title":{"rendered":"Camaro Sottomontagna, piovono calcinacci dagli alloggi popolari: Gioveni e Cacciotto scrivono ad Arisme"},"content":{"rendered":"\n<p>&#8220;Brutto risveglio stamattina per i residenti dei 46 alloggi di Camaro Sottomontagna che si sono visti nell&#8217;area cortilizia dei pezzi di cornicione caduti da uno degli stabili&#8221;. A segnalare l&#8217;accaduto manifestando preoccupazione sono il consigliere comunale Libero Gioveni e della terza Municipalit\u00e0 Alessandro Cacciotto, che chiedono ad Arisme, titolare degli immobili, di verificare le cause e prendere i necessari provvedimenti.<div id=\"div-gpt-ad-Messinaoggi.it-DSK-300x250-corpoart\" style=\"text-align:center;margin:0 auto;\"><\/div><\/p>\n\n\n\n<p>\u201cRisulta certamente anomalo &#8211; affermano Gioveni e Cacciotto &#8211; che delle palazzine consegnate solo 3 anni fa, seppur completate poco prima, diano segni di cedimento. I residenti hanno gi\u00e0 allertato l&#8217;amministratore condominiale, ma \u00e8 ovvio che Arisme dovr\u00e0 adesso verificare se ci possano essere i margini per chiedere conto della qualit\u00e0 dei lavori eseguiti in base alla tempistica di consegna e alle previste garanzie di legge\u201d.<div id=\"videoincontent\" style=\"clear:both\";><\/div><\/p>\n\n\n\n<p>\u201cNelle more, per\u00f2, chiediamo &#8211; concludono Gioveni e Cacciotto &#8211; che possa essere effettuato un attento monitoraggio strutturale delle restanti parti degli stabili, con l&#8217;obiettivo di preservare i residenti da possibili pericoli\u201d.<\/p>\n","protected":false},"excerpt":{"rendered":"<p>&#8220;Brutto risveglio stamattina per i residenti dei 46 alloggi di Camaro Sottomontagna che si sono visti nell&#8217;area cortilizia dei pezzi di cornicione caduti da uno degli stabili&#8221;. A segnalare l&#8217;accaduto manifestando preoccupazione sono il consigliere comunale Libero Gioveni e della terza Municipalit\u00e0 Alessandro Cacciotto, che chiedono ad Arisme, titolare degli immobili, di verificare le cause [&hellip;]<\/p>\n","protected":false},"author":8,"featured_media":89074,"comment_status":"open","ping_status":"open","sticky":false,"template":"","format":"standard","meta":{"ub_ctt_via":"","_mi_skip_tracking":false},"categories":[6],"tags":[1125,1445,2759,740],"featured_image_src":"https:\/\/www.messinaoggi.it\/website\/wp-content\/uploads\/2021\/11\/calcinacci.jpg","author_info":{"display_name":"red..me","author_link":"https:\/\/www.messinaoggi.it\/website\/author\/redstage\/"},"digistream_id":0,"digistream":false,"_links":{"self":[{"href":"https:\/\/www.messinaoggi.it\/website\/wp-json\/wp\/v2\/posts\/89073"}],"collection":[{"href":"https:\/\/www.messinaoggi.it\/website\/wp-json\/wp\/v2\/posts"}],"about":[{"href":"https:\/\/www.messinaoggi.it\/website\/wp-json\/wp\/v2\/types\/post"}],"author":[{"embeddable":true,"href":"https:\/\/www.messinaoggi.it\/website\/wp-json\/wp\/v2\/users\/8"}],"replies":[{"embeddable":true,"href":"https:\/\/www.messinaoggi.it\/website\/wp-json\/wp\/v2\/comments?post=89073"}],"version-history":[{"count":1,"href":"https:\/\/www.messinaoggi.it\/website\/wp-json\/wp\/v2\/posts\/89073\/revisions"}],"predecessor-version":[{"id":89075,"href":"https:\/\/www.messinaoggi.it\/website\/wp-json\/wp\/v2\/posts\/89073\/revisions\/89075"}],"wp:featuredmedia":[{"embeddable":true,"href":"https:\/\/www.messinaoggi.it\/website\/wp-json\/wp\/v2\/media\/89074"}],"wp:attachment":[{"href":"https:\/\/www.messinaoggi.it\/website\/wp-json\/wp\/v2\/media?parent=89073"}],"wp:term":[{"taxonomy":"category","embeddable":true,"href":"https:\/\/www.messinaoggi.it\/website\/wp-json\/wp\/v2\/categories?post=89073"},{"taxonomy":"post_tag","embeddable":true,"href":"https:\/\/www.messinaoggi.it\/website\/wp-json\/wp\/v2\/tags?post=89073"}],"curies":[{"name":"wp","href":"https:\/\/api.w.org\/{rel}","templated":true}]}}