{"id":89057,"date":"2021-11-30T10:07:32","date_gmt":"2021-11-30T09:07:32","guid":{"rendered":"https:\/\/www.messinaoggi.it\/website\/2021\/11\/30\/mattarella-da-forze-vitali-impegno-corale-per-bene-del-paese\/"},"modified":"2021-11-30T10:13:53","modified_gmt":"2021-11-30T09:13:53","slug":"mattarella-da-forze-vitali-impegno-corale-per-bene-del-paese","status":"publish","type":"post","link":"https:\/\/www.messinaoggi.it\/website\/2021\/11\/30\/mattarella-da-forze-vitali-impegno-corale-per-bene-del-paese\/","title":{"rendered":"Mattarella \u201cDa forze vitali impegno corale per bene del Paese\u201d"},"content":{"rendered":"<div>ROMA (ITALPRESS) &#8211; &#8220;Rivolgo un caloroso saluto a tutti i partecipanti all&#8217;Assemblea annuale di Confartigianato, rappresentanti di un comparto impegnato fortemente nell&#8217;uscita dalla drammatica crisi causata dalla pandemia. Il mondo della piccola impresa diffusa ha affrontato con coraggio e resilienza questa durissima prova, confermando il suo ruolo di ossatura delle comunit\u00e0 territoriali e di ancora per la tenuta sociale. Il forte recupero della nostra economia \u00e8 sostenuto dalla fiducia di famiglie e imprese, con la ripartenza degli investimenti e della spesa, anche nei settori pi\u00f9 colpiti dalla pandemia. Allo stesso tempo, la recrudescenza dei contagi ci ricorda di non abbassare la guardia e ci richiama alla massima responsabilit\u00e0 nei comportamenti individuali e collettivi, per contrastare la circolazione del virus e non compromettere la libert\u00e0 che abbiamo faticosamente riconquistato nella vita economica e sociale&#8221;. Cos\u00ec il presidente della Repubblica, Sergio Mattarella, in un messaggio inviato al presidente di Confartigianato, Marco Granelli. &#8220;La sfida che abbiamo di fronte, oltre a consolidare la ripresa, \u00e8 di avviare un percorso solido di cambiamento verso un modello sostenibile e inclusivo, facendo leva sulle straordinarie opportunit\u00e0 offerte dal Piano Nazionale di Ripresa e Resilienza. In particolare &#8211; aggiunge -, le transizioni verde e digitale possono consentire anche al nostro &#8216;ecosistem\u00e0 di borghi e piccole imprese di assicurare la sostenibilit\u00e0 &#8211; ambientale, economica e sociale &#8211; del proprio territorio e di connettersi alla dimensione globale. Tutte le forze vitali e attive della nostra societ\u00e0 &#8211; dalle istituzioni, ai corpi intermedi, alle imprese, ai cittadini &#8211; sono chiamate a partecipare a questo impegno corale per il bene del Paese. Con questo spirito invio a tutti i miei pi\u00f9 cordiali auguri di buon lavoro&#8221;, conclude Mattarella.<br \/>(ITALPRESS).<\/div>\n<div id=\"div-gpt-ad-Messinaoggi.it-DSK-300x250-corpoart\" style=\"text-align:center;margin:0 auto;\"><\/div><\/p><div id=\"videoincontent\" style=\"clear:both\";><\/div>","protected":false},"excerpt":{"rendered":"<p>ROMA (ITALPRESS) &#8211; &#8220;Rivolgo un caloroso saluto a tutti i partecipanti all&#8217;Assemblea annuale di Confartigianato, rappresentanti di un comparto impegnato fortemente nell&#8217;uscita dalla drammatica crisi causata dalla pandemia. Il mondo della piccola impresa diffusa ha affrontato con coraggio e resilienza questa durissima prova, confermando il suo ruolo di ossatura delle comunit\u00e0 territoriali e di ancora [&hellip;]<\/p>\n","protected":false},"author":18,"featured_media":89058,"comment_status":"closed","ping_status":"closed","sticky":false,"template":"","format":"standard","meta":{"ub_ctt_via":"","_mi_skip_tracking":false},"categories":[446,4],"tags":[783],"featured_image_src":"https:\/\/www.messinaoggi.it\/website\/wp-content\/uploads\/2021\/11\/20211130_0148.jpg","author_info":{"display_name":"Admin","author_link":"https:\/\/www.messinaoggi.it\/website\/author\/admin\/"},"digistream_id":0,"digistream":false,"_links":{"self":[{"href":"https:\/\/www.messinaoggi.it\/website\/wp-json\/wp\/v2\/posts\/89057"}],"collection":[{"href":"https:\/\/www.messinaoggi.it\/website\/wp-json\/wp\/v2\/posts"}],"about":[{"href":"https:\/\/www.messinaoggi.it\/website\/wp-json\/wp\/v2\/types\/post"}],"author":[{"embeddable":true,"href":"https:\/\/www.messinaoggi.it\/website\/wp-json\/wp\/v2\/users\/18"}],"replies":[{"embeddable":true,"href":"https:\/\/www.messinaoggi.it\/website\/wp-json\/wp\/v2\/comments?post=89057"}],"version-history":[{"count":1,"href":"https:\/\/www.messinaoggi.it\/website\/wp-json\/wp\/v2\/posts\/89057\/revisions"}],"predecessor-version":[{"id":89062,"href":"https:\/\/www.messinaoggi.it\/website\/wp-json\/wp\/v2\/posts\/89057\/revisions\/89062"}],"wp:featuredmedia":[{"embeddable":true,"href":"https:\/\/www.messinaoggi.it\/website\/wp-json\/wp\/v2\/media\/89058"}],"wp:attachment":[{"href":"https:\/\/www.messinaoggi.it\/website\/wp-json\/wp\/v2\/media?parent=89057"}],"wp:term":[{"taxonomy":"category","embeddable":true,"href":"https:\/\/www.messinaoggi.it\/website\/wp-json\/wp\/v2\/categories?post=89057"},{"taxonomy":"post_tag","embeddable":true,"href":"https:\/\/www.messinaoggi.it\/website\/wp-json\/wp\/v2\/tags?post=89057"}],"curies":[{"name":"wp","href":"https:\/\/api.w.org\/{rel}","templated":true}]}}