{"id":89056,"date":"2021-11-30T10:19:03","date_gmt":"2021-11-30T09:19:03","guid":{"rendered":"http:\/\/www.messinaoggi.it\/website\/?p=89056"},"modified":"2021-11-30T10:19:18","modified_gmt":"2021-11-30T09:19:18","slug":"__trashed-3","status":"publish","type":"post","link":"https:\/\/www.messinaoggi.it\/website\/2021\/11\/30\/__trashed-3\/","title":{"rendered":"Ricostruzione scuola Mili S. Pietro, l&#8217;allarme dei rappresentanti: &#8220;Cos\u00ec rischiamo di rimanere fuori&#8221;"},"content":{"rendered":"\n<p>I consiglieri comunale e della I Municipalit\u00e0, rispettivamente Paolo Mangano e Andrea Merlino, e le associazioni CTG LAG Mili S. Pietro e Comitato Vallata di Mili \u2013 Messina Sud intervengono sulla scuola di Mili S. Pietro, il cui plesso risulta inutilizzabile da cinque anni a questa parte a causa di un incendio, costringendo gli alunni del villaggio a una diaspora in quattro scuole. In breve, i rappresentanti messinesi del Movimento 5 Stelle, e in particolare il sottosegretario all\u2019Istruzione Barbara Floridia, il deputato Francesco D\u2019Uva e i consiglieri comunali del gruppo M5S hanno sponsorizzato un avviso pubblico del Ministero dell\u2019Istruzione, uscito il 24 novembre, che viene definito &#8220;decisivo per le sorti della Scuola di Mili San Pietro&#8221; augurandosi che &#8220;questa opportunit\u00e0 venga subito colta dalla Citt\u00e0 Metropolitana di Messina&#8221;.<div id=\"div-gpt-ad-Messinaoggi.it-DSK-300x250-corpoart\" style=\"text-align:center;margin:0 auto;\"><\/div><\/p>\n\n\n\n<p>Al riguardo, Mangano, Merlino e le associazioni di Mili fanno notare, tra le altre cose, che i criteri utilizzati per attribuire i fondi del suddetto avviso rischiano di tagliare fuori la scuola di Mili S. Pietro, e in ogni caso, qualora l&#8217;istituto dovesse beneficiare del finanziamento, l&#8217;importo massimo che pu\u00f2 essere stanziato \u00e8 troppo basso per poter ricostruire il plesso in questione: \u201cIl bando destina una cifra non superiore a 400.000 euro per ciascun edificio scolastico mentre per quello di Mili S. Pietro ne servono 590.570,63; &#8211; spiegano &#8211; inoltre, un articolo dello stesso bando impedisce al Comune di intervenire coprendo la rimanente somma con altri finanziamenti. Basta poi scorrere nel dettaglio il bando per accorgersi che con i criteri utilizzati per attribuire i punteggi ai progetti presentati difficilmente la scuola di Mili S. Pietro rientrer\u00e0 tra quelli che verranno finanziati.<div id=\"videoincontent\" style=\"clear:both\";><\/div><\/p>\n\n\n\n<p>\u201cSperiamo vivamente di sbagliarci, ma quello a cui stiamo assistendo ci sembra soltanto un modo inopportuno (e inefficace) per provare a dimostrare un interesse per la scuola di Mili S. Pietro che in realt\u00e0, non c\u2019\u00e8 mai stato. La chiusura dei codici meccanografici di scuola primaria e dell\u2019infanzia del villaggio per la mancanza di un plesso idoneo sembra avvicinarsi inesorabilmente e di certo la responsabilit\u00e0 primaria non potr\u00e0 che essere di chi piuttosto che trovare soluzioni ha fatto passare inutilmente cos\u00ec tanto tempo e prova oggi senza riuscirci a scrollarsi di dosso ogni responsabilit\u00e0&#8221;.<\/p>\n\n\n\n<p><strong>&#8220;Intervenga il sindaco&#8221;.<\/strong> \u201cAuspichiamo a questo punto che il sindaco De Luca prenda in mano la situazione come gi\u00e0 ha fatto nell\u2019incontro pubblico a Mili S. Pietro del 9 ottobre, quando ha dato mandato all\u2019assessore Mondello di rendere definitiva la progettazione. Siamo sicuri che il sindaco, come gli \u00e8 stato chiesto dal consigliere Merlino nell\u2019incontro con le Municipalit\u00e0 del 24 novembre, seguir\u00e0 personalmente la vicenda per scongiurare la chiusura dei codici meccanografici, individuare una sede provvisoria per le due scuole e ridare ai bambini di Mili S. Pietro un segno di speranza per il futuro, il loro plesso scolastico\u201d.<\/p>\n","protected":false},"excerpt":{"rendered":"<p>I consiglieri comunale e della I Municipalit\u00e0, rispettivamente Paolo Mangano e Andrea Merlino, e le associazioni CTG LAG Mili S. Pietro e Comitato Vallata di Mili \u2013 Messina Sud intervengono sulla scuola di Mili S. Pietro, il cui plesso risulta inutilizzabile da cinque anni a questa parte a causa di un incendio, costringendo gli alunni [&hellip;]<\/p>\n","protected":false},"author":8,"featured_media":7199,"comment_status":"open","ping_status":"open","sticky":false,"template":"","format":"standard","meta":{"ub_ctt_via":"","_mi_skip_tracking":false},"categories":[5],"tags":[3590],"featured_image_src":"https:\/\/www.messinaoggi.it\/website\/wp-content\/uploads\/2017\/09\/Scuola-MIli-San-Pietro-incendio-messinaoggi-2.jpg","author_info":{"display_name":"red..me","author_link":"https:\/\/www.messinaoggi.it\/website\/author\/redstage\/"},"digistream_id":0,"digistream":false,"_links":{"self":[{"href":"https:\/\/www.messinaoggi.it\/website\/wp-json\/wp\/v2\/posts\/89056"}],"collection":[{"href":"https:\/\/www.messinaoggi.it\/website\/wp-json\/wp\/v2\/posts"}],"about":[{"href":"https:\/\/www.messinaoggi.it\/website\/wp-json\/wp\/v2\/types\/post"}],"author":[{"embeddable":true,"href":"https:\/\/www.messinaoggi.it\/website\/wp-json\/wp\/v2\/users\/8"}],"replies":[{"embeddable":true,"href":"https:\/\/www.messinaoggi.it\/website\/wp-json\/wp\/v2\/comments?post=89056"}],"version-history":[{"count":2,"href":"https:\/\/www.messinaoggi.it\/website\/wp-json\/wp\/v2\/posts\/89056\/revisions"}],"predecessor-version":[{"id":89072,"href":"https:\/\/www.messinaoggi.it\/website\/wp-json\/wp\/v2\/posts\/89056\/revisions\/89072"}],"wp:featuredmedia":[{"embeddable":true,"href":"https:\/\/www.messinaoggi.it\/website\/wp-json\/wp\/v2\/media\/7199"}],"wp:attachment":[{"href":"https:\/\/www.messinaoggi.it\/website\/wp-json\/wp\/v2\/media?parent=89056"}],"wp:term":[{"taxonomy":"category","embeddable":true,"href":"https:\/\/www.messinaoggi.it\/website\/wp-json\/wp\/v2\/categories?post=89056"},{"taxonomy":"post_tag","embeddable":true,"href":"https:\/\/www.messinaoggi.it\/website\/wp-json\/wp\/v2\/tags?post=89056"}],"curies":[{"name":"wp","href":"https:\/\/api.w.org\/{rel}","templated":true}]}}