{"id":89029,"date":"2021-11-29T18:07:36","date_gmt":"2021-11-29T17:07:36","guid":{"rendered":"https:\/\/www.messinaoggi.it\/website\/2021\/11\/29\/a-milano-la-mostra-hiv-together-we-can-stop-the-virus\/"},"modified":"2021-11-29T18:07:36","modified_gmt":"2021-11-29T17:07:36","slug":"a-milano-la-mostra-hiv-together-we-can-stop-the-virus","status":"publish","type":"post","link":"https:\/\/www.messinaoggi.it\/website\/2021\/11\/29\/a-milano-la-mostra-hiv-together-we-can-stop-the-virus\/","title":{"rendered":"A Milano la mostra \u201cHIV Together we can stop the virus\u201d"},"content":{"rendered":"<div>MILANO (ITALPRESS) &#8211; Alla vigilia del World AIDS Day \u00e8 tempo di bilanci. Sono trascorsi ben 40 anni dalla scoperta del virus dell&#8217;HIV e molte cose sono cambiate, sia a livello terapeutico che a livello di impatto sociale. Oggi possiamo dire che l&#8217;HIV \u00e8 sotto controllo, che \u00e8 una patologia che da mortale \u00e8 diventata cronica, che chi convive con il virus, ed \u00e8 in trattamento, pu\u00f2 non preoccuparsi pi\u00f9 di trasmettere il virus e vivere una vita serena con il partner, che oggi la qualit\u00e0 di vita di chi ha l&#8217;HIV \u00e8 totalmente migliorata. Tuttavia, dal punto di vista sociale, c&#8217;\u00e8 ancora l&#8217;ombra del pregiudizio correlato alla patologia e di conseguenza al principale atto che la veicola, ovvero il sesso. Bisogna educare alla diffusione dei corretti messaggi e sull&#8217;informazione per fare in modo che non si utilizzino pi\u00f9 parole ostili e discriminatorie come &#8216;untor\u00ec o si pensi che il virus possa interessare solo un certo tipo di popolazione.<br \/>Come ogni anno tutta la Comunit\u00e0 composta da pazienti, clinici, istituzioni e aziende che si impegnano ogni giorno per contrastare la patologia e le sue conseguenze, alla vigilia della Giornata di sensibilizzazione per eccellenza sull&#8217;HIV, vuole farsi sentire, richiamare l&#8217;attenzione su un virus meno &#8216;attual\u00e8 sui media ma sempre presente per ancora tante, troppe persone.  <br \/>In prima linea c&#8217;\u00e8 Gilead, che per l&#8217;occasione ha organizzato un ricco calendario di progetti nati sempre in collaborazione con le Associazioni di pazienti e diverse realt\u00e0 che quest&#8217;anno spaziano invadendo il campo dell&#8217;Arte, del Cinema e della Tecnologia<br \/>Dal 29 novembre al 5 dicembre arriva a Milano, presso il Combo di Ripa di Porta Ticinese, la mostra in realt\u00e0 aumentata dal titolo &#8216;HIV Together we can stop the virus&#8217; visitabile gratuitamente per tutta la settimana. <br \/>Le opere esposte sono frutto di una collaborazione tra i rappresentati delle Associazioni di pazienti e artisti che dal 2019 a oggi hanno dato un&#8217;identit\u00e0 visiva, emozionale e concettuale a ciascuna di esse per raccontare le varie fasi del percorso del paziente: Diagnosi, Trattamento, Successo delle terapie, Qualit\u00e0 di vita, Stigma, HIV e COVID-19, ma non solo. Per l&#8217;edizione dei 40 anni verranno infatti esposte le nuove opere realizzate dai giovani vincitori della Call4Artists lanciata lo scorso anno proprio per raccontare i 40 anni di HIV, in particolare: Flipper di Raffaele Lasciarrea; Parliamone, insieme di Lisa Pizzato; Escape from the past di Adam Tempesta; Love UU di Giulia Tolino; Quel gioco chiamato progresso del duo artistico bolognese Allegria Bulgaria.<br \/>In questi 40 anni di storia di HIV un ruolo importantissimo \u00e8 ricoperto dalle associazioni di pazienti che hanno vissuto da vicino tutte le fasi del virus.<br \/>&#8216;Agli inizi non si sapeva bene cosa fosse, si trattava di un&#8217;osservazione di casi di patologie infettive opportunistiche, tumori, che non erano presenti normalmente in un certo tipo di popolazione &#8211; afferma Massimo Cernuschi clinico e presidente dell&#8217;Associazione ASA di Milano -. Poi pian piano si \u00e8 scoperto che tutto questo era causato da un&#8217;immunodeficienza causata da HIV. Fino al &#8217;96 circa, le persone, oltre a vivere una grave discriminazione dovuta alla contrazione del virus, vivevano anche un grave problema di salute. Abbiamo assistito a una vera e propria strage in quegli anni. Dopodich\u00e8 per fortuna sono arrivati dei farmaci via via sempre pi\u00f9 ben tollerati ed efficaci che hanno lentamente portato le persone con HIV a vivere una vita come tutti gli altr\u00ec<br \/>Il progetto di Gilead Italia ha il patrocinio di ICAR Italian Conference on AIDS and Antiviral Research e 10 associazioni di pazienti attive a livello nazionale che gi\u00e0 da tre anni lavorano al progetto (Anlaids Onlus, ALA Milano Onlus, Arcobaleno ODV, ASA Onlus, Circolo Mario Mieli, LILA Lega italiana per la lotta contro l&#8217;AIDS, Milano Check Point, NPS Italia Onlus, Nadir Onlus, PLUS).<br \/>Il 1\u00b0 dicembre andr\u00e0 in onda sul canale Discovery &#8216;Stigma invisibil\u00e8 lo Speciale sull&#8217;HIV che affronta la patologia grazie alle testimonianze di protagonisti che ogni giorno non solo convivono con il virus ma anche con uno stigma che spesso \u00e8 pi\u00f9 presente e di difficile gestione e accettazione del virus stesso.<br \/>Il progetto \u00e8 nato grazie alla collaborazione tra Discovery e Gilead con il comune obiettivo di sensibilizzazione sul tema dell&#8217;HIV con una modalit\u00e0 ancora non sperimentata in Italia. Lo Speciale, di cui Michela Chimenti \u00e8 ideatrice e autrice, realizzato dalla casa di produzione milanese Story Farm sotto la regia di Alessandro Carlozzo e Luca Cepparo, \u00e8 solo un&#8217;anticipazione di una vera e propria serie TV che vedr\u00e0 la luce nel 2022. Quanto pu\u00f2 essere difficile confessare di avere l&#8217;HIV? Chi scopre di avere l&#8217;HIV deve chiudere con l&#8217;amore e il desiderio di una famiglia? Una madre sieropositiva pu\u00f2 dare alla luce un figlio sieronegativo? Di questi e tanti altri temi ne parlano persone vere, in maniera diretta, nuova, emozionante senza filtri e soprattutto senza autocommiserazione. Lo Speciale \u00e8 da vedere tutto d&#8217;un fiato e ci ricorda che la corretta informazione \u00e8 l&#8217;arma pi\u00f9 potente che abbiamo. <br \/>&#8216;Stigma Invisibile \u00e8 un documentario che nasce dall&#8217;esigenza di raccontare una storia quasi dimenticata: quella dell&#8217;HIV e dell&#8217;AIDS &#8211; commenta Michela Chimenti, ideatrice e autrice dello Speciale -. L&#8217;informazione basata sulla paura e sulla stigmatizzazione del positivo \u00e8 rimasta ferma agli anni &#8217;80 e &#8217;90, a differenza delle straordinarie terapie odierne, che permettono alle persone HIV+ di arrivare a non essere pi\u00f9 contagiose. Perch\u00e8 allora, ancora oggi, c&#8217;\u00e8 chi non vuole mostrarsi? In questi anni, ho raccolto moltissime storie, alcune di accettazione, liberazione, altre di immenso dolore. Ma quello che le accomuna tutte \u00e8 sempre la stessa paura: quella di essere allontanati dalla famiglia, dagli amici e dal partner per il proprio status sierologic\u00f2. &#8216;Stigma Invisibile non vuole solo informare, ma &#8211; spiega &#8211; obbliga il pubblico a porsi un grande quesito: 40 anni sono passati da quando \u00e8 stato individuato il virus dell&#8217;HIV, quanti ancora ne serviranno per annientare lo stigma?&#8217; <br \/>Dal 24 novembre \u00e8 stato lanciato il canale HImoVie, primo canale tematico su HIV e sesso responsabile nato in collaborazione con le associazioni Arcobaleno AIDS ODV e Anlaids Lazio. Una webapp aperta ai contributi delle Associazioni di pazienti dov&#8217;\u00e8 possibile trovare pillole video dello spettacolo teatrale Oggi si recita&#8230;l&#8217;HIV, interviste, laboratori di Medicina Narrativa, cartoon. Il target di riferimento comprende adolescenti, studenti universitari, popolazione generale, pazienti HIV. Ma da dove nasce questa esigenza?  <br \/>&#8216;Nasce dalla volont\u00e0 di creare dei contenuti informativi sull&#8217;HIV e la sessualit\u00e0 responsabile di facile fruizione, al passo con le nuove piattaforme di intrattenimento, con dei linguaggi che possano incuriosire anche un pubblico giovane. Per questo abbiamo pensato ai Cartoon e brevi video tratti dallo spettacolo teatrale. Strada facendo ci auguriamo che la piattaforma possa arricchirsi di nuovi contributi per dare la possibilit\u00e0 a chi cerca informazioni in rete di avere un punto di riferimento affidabil\u00e8, affermano i rappresentanti delle due associazioni Anlaids Lazio e ARCOBALENO Aids ODV.<br \/>Per dare visibilit\u00e0 alla webapp \u00e8 stata attivata un&#8217;apposita campagna ADV che sar\u00e0 visibile sulle principali App di dating e non solo.<br \/>Per maggiori informazioni \u00e8 possibile consultare il sito https:\/\/www.himovie-informa.it\/ e i canali social legati al progetto Facebook @HImoVieinforma e IG himovie.informa.<br \/>In Italia vivono oltre 120mila persone con HIV, di cui circa 18mila inconsapevoli dell&#8217;infezione. E&#8217; il cosiddetto sommerso. Per questo \u00e8 importante promuovere la sensibilit\u00e0 rispetto al tema dell&#8217;HIV, stimolare le Istituzioni a non abbassare la guardia, continuare a investire affinch\u00e8 le innovazioni possano essere a disposizione di tutti coloro che ne hanno bisogno per garantire una sempre migliore qualit\u00e0 della vita.<br \/>&#8216;Come azienda siamo costantemente impegnati nell&#8217;HIV, 365 giorni l&#8217;anno. Gilead \u00e8 pioniera nella ricerca di soluzioni contro il virus e si pu\u00f2 dire che abbia fattivamente contribuito a trasformarne la storia, da patologia mortale a cronica. Ma &#8211; conclude Cristina Le Grazie, direttore medico di Gilead Italia &#8211; non ci fermiamo solo alla ricerca. Da oltre 30 anni infatti facciamo dell&#8217;integrazione e del sostegno di chi convive con l&#8217;infezione uno dei nostri obiettivi fondamentali. Collaboriamo con istituzioni, associazioni di pazienti e clinici per prevenire e limitare la diffusione dell&#8217;HIV. Ci attiviamo ogni anno per promuovere progetti e campagne di sensibilizzazione sul tema. Quest&#8217;anno ci siamo voluti sfidare, lavorando a progetti che attingono all&#8217;arte, al cinema, alla tecnologia con l&#8217;obiettivo di arrivare a tutti. A costo di entrare nelle loro cas\u00e8.<br \/>(ITALPRESS).<\/div>\n<div id=\"div-gpt-ad-Messinaoggi.it-DSK-300x250-corpoart\" style=\"text-align:center;margin:0 auto;\"><\/div><\/p><div id=\"videoincontent\" style=\"clear:both\";><\/div>","protected":false},"excerpt":{"rendered":"<p>MILANO (ITALPRESS) &#8211; Alla vigilia del World AIDS Day \u00e8 tempo di bilanci. Sono trascorsi ben 40 anni dalla scoperta del virus dell&#8217;HIV e molte cose sono cambiate, sia a livello terapeutico che a livello di impatto sociale. Oggi possiamo dire che l&#8217;HIV \u00e8 sotto controllo, che \u00e8 una patologia che da mortale \u00e8 diventata [&hellip;]<\/p>\n","protected":false},"author":18,"featured_media":89030,"comment_status":"closed","ping_status":"closed","sticky":false,"template":"","format":"standard","meta":{"ub_ctt_via":"","_mi_skip_tracking":false},"categories":[446],"tags":[783],"featured_image_src":"https:\/\/www.messinaoggi.it\/website\/wp-content\/uploads\/2021\/11\/20211129_2073.jpg","author_info":{"display_name":"Admin","author_link":"https:\/\/www.messinaoggi.it\/website\/author\/admin\/"},"digistream_id":0,"digistream":false,"_links":{"self":[{"href":"https:\/\/www.messinaoggi.it\/website\/wp-json\/wp\/v2\/posts\/89029"}],"collection":[{"href":"https:\/\/www.messinaoggi.it\/website\/wp-json\/wp\/v2\/posts"}],"about":[{"href":"https:\/\/www.messinaoggi.it\/website\/wp-json\/wp\/v2\/types\/post"}],"author":[{"embeddable":true,"href":"https:\/\/www.messinaoggi.it\/website\/wp-json\/wp\/v2\/users\/18"}],"replies":[{"embeddable":true,"href":"https:\/\/www.messinaoggi.it\/website\/wp-json\/wp\/v2\/comments?post=89029"}],"version-history":[{"count":0,"href":"https:\/\/www.messinaoggi.it\/website\/wp-json\/wp\/v2\/posts\/89029\/revisions"}],"wp:featuredmedia":[{"embeddable":true,"href":"https:\/\/www.messinaoggi.it\/website\/wp-json\/wp\/v2\/media\/89030"}],"wp:attachment":[{"href":"https:\/\/www.messinaoggi.it\/website\/wp-json\/wp\/v2\/media?parent=89029"}],"wp:term":[{"taxonomy":"category","embeddable":true,"href":"https:\/\/www.messinaoggi.it\/website\/wp-json\/wp\/v2\/categories?post=89029"},{"taxonomy":"post_tag","embeddable":true,"href":"https:\/\/www.messinaoggi.it\/website\/wp-json\/wp\/v2\/tags?post=89029"}],"curies":[{"name":"wp","href":"https:\/\/api.w.org\/{rel}","templated":true}]}}