{"id":89027,"date":"2021-11-29T18:07:34","date_gmt":"2021-11-29T17:07:34","guid":{"rendered":"https:\/\/www.messinaoggi.it\/website\/2021\/11\/29\/twitter-jack-dorsey-si-dimette-parag-agrawal-nuovo-ceo\/"},"modified":"2021-11-29T18:07:34","modified_gmt":"2021-11-29T17:07:34","slug":"twitter-jack-dorsey-si-dimette-parag-agrawal-nuovo-ceo","status":"publish","type":"post","link":"https:\/\/www.messinaoggi.it\/website\/2021\/11\/29\/twitter-jack-dorsey-si-dimette-parag-agrawal-nuovo-ceo\/","title":{"rendered":"Twitter, Jack Dorsey si dimette Parag Agrawal nuovo Ceo"},"content":{"rendered":"<div>SAN FRANCISCO (STATI UNITI) (ITALPRESS) &#8211; Twitter ha annunciato  che Jack Dorsey ha deciso di dimettersi da amministratore delegato e che il Consiglio di amministrazione ha nominato all&#8217;unanimit\u00e0 Parag Agrawal amministratore delegato e membro del Consiglio, con effetto immediato. Dorsey rimarr\u00e0 membro del Consiglio fino alla scadenza del suo mandato all&#8217;assemblea degli azionisti del 2022. Bret Taylor \u00e8 stato nominato nuovo presidente del consiglio di amministrazione, succedendo a Patrick Pichette che rimarr\u00e0 nel consiglio e continuer\u00e0 a ricoprire la carica di presidente dell&#8217;Audit Committee. Agrawal \u00e8 con Twitter da oltre un decennio e dal 2017 \u00e8 Chief Technology Officer.<br \/>&#8220;Ho deciso di lasciare Twitter perch\u00e8 credo che l&#8217;azienda sia pronta ad andare oltre i suoi fondatori. La mia fiducia in Parag come CEO di Twitter \u00e8 profonda. Il suo lavoro negli ultimi 10 anni \u00e8 stato trasformativo. Sono profondamente grato per il suo abilit\u00e0, cuore e anima. E&#8217; il suo momento di guidare&#8221;, ha detto Dorsey.<br \/>(ITALPRESS).<\/div>\n<div id=\"div-gpt-ad-Messinaoggi.it-DSK-300x250-corpoart\" style=\"text-align:center;margin:0 auto;\"><\/div><\/p><div id=\"videoincontent\" style=\"clear:both\";><\/div>","protected":false},"excerpt":{"rendered":"<p>SAN FRANCISCO (STATI UNITI) (ITALPRESS) &#8211; Twitter ha annunciato che Jack Dorsey ha deciso di dimettersi da amministratore delegato e che il Consiglio di amministrazione ha nominato all&#8217;unanimit\u00e0 Parag Agrawal amministratore delegato e membro del Consiglio, con effetto immediato. Dorsey rimarr\u00e0 membro del Consiglio fino alla scadenza del suo mandato all&#8217;assemblea degli azionisti del 2022. [&hellip;]<\/p>\n","protected":false},"author":18,"featured_media":89028,"comment_status":"closed","ping_status":"closed","sticky":false,"template":"","format":"standard","meta":{"ub_ctt_via":"","_mi_skip_tracking":false},"categories":[446],"tags":[783],"featured_image_src":"https:\/\/www.messinaoggi.it\/website\/wp-content\/uploads\/2021\/11\/20211129_1934.jpg","author_info":{"display_name":"Admin","author_link":"https:\/\/www.messinaoggi.it\/website\/author\/admin\/"},"digistream_id":0,"digistream":false,"_links":{"self":[{"href":"https:\/\/www.messinaoggi.it\/website\/wp-json\/wp\/v2\/posts\/89027"}],"collection":[{"href":"https:\/\/www.messinaoggi.it\/website\/wp-json\/wp\/v2\/posts"}],"about":[{"href":"https:\/\/www.messinaoggi.it\/website\/wp-json\/wp\/v2\/types\/post"}],"author":[{"embeddable":true,"href":"https:\/\/www.messinaoggi.it\/website\/wp-json\/wp\/v2\/users\/18"}],"replies":[{"embeddable":true,"href":"https:\/\/www.messinaoggi.it\/website\/wp-json\/wp\/v2\/comments?post=89027"}],"version-history":[{"count":0,"href":"https:\/\/www.messinaoggi.it\/website\/wp-json\/wp\/v2\/posts\/89027\/revisions"}],"wp:featuredmedia":[{"embeddable":true,"href":"https:\/\/www.messinaoggi.it\/website\/wp-json\/wp\/v2\/media\/89028"}],"wp:attachment":[{"href":"https:\/\/www.messinaoggi.it\/website\/wp-json\/wp\/v2\/media?parent=89027"}],"wp:term":[{"taxonomy":"category","embeddable":true,"href":"https:\/\/www.messinaoggi.it\/website\/wp-json\/wp\/v2\/categories?post=89027"},{"taxonomy":"post_tag","embeddable":true,"href":"https:\/\/www.messinaoggi.it\/website\/wp-json\/wp\/v2\/tags?post=89027"}],"curies":[{"name":"wp","href":"https:\/\/api.w.org\/{rel}","templated":true}]}}