{"id":8902,"date":"2017-10-03T12:39:31","date_gmt":"2017-10-03T10:39:31","guid":{"rendered":"http:\/\/www.messinaoggi.it\/website\/?p=8902"},"modified":"2017-10-03T12:39:31","modified_gmt":"2017-10-03T10:39:31","slug":"windjet-udienza-rinviata-confconsumatori-avvisa-ce-ancora-tempo-per-i-risarcimenti","status":"publish","type":"post","link":"https:\/\/www.messinaoggi.it\/website\/2017\/10\/03\/windjet-udienza-rinviata-confconsumatori-avvisa-ce-ancora-tempo-per-i-risarcimenti\/","title":{"rendered":"Windjet: udienza rinviata, Confconsumatori avvisa: &quot;C&#039;\u00e8 ancora tempo per i risarcimenti&quot;"},"content":{"rendered":"<p class=\"western\" align=\"justify\"><span style=\"font-family: Verdana, sans-serif;\"><span style=\"font-size: small;\">Si \u00e8 svolta questa mattina, dinnanzi alla Prima Sezione Penale del\u00a0<\/span><\/span><span style=\"font-family: Verdana, sans-serif;\"><span style=\"font-size: small;\">Tribunale di Catania,<\/span><\/span><span style=\"font-family: Verdana, sans-serif;\"><span style=\"font-size: small;\">\u00a0l\u2019udienza del\u00a0<\/span><\/span><span style=\"color: #0000ff;\"><u><a href=\"http:\/\/www.confconsumatori.it\/?s=wind+jet\"><span style=\"font-family: Verdana, sans-serif;\"><span style=\"color: #0000ff; font-size: small;\">caso Windjet<\/span><\/span><\/a><\/u><\/span><span style=\"font-family: Verdana, sans-serif;\"><span style=\"font-size: small;\">, la compagnia aerea low cost catanese, che nell\u2019estate del 2012 ha cessato la propria operativit\u00e0 causando danni e disservizi a migliaia di passeggeri. L\u2019udienza \u00e8 stata rinviata al\u00a0<\/span><\/span><span style=\"font-family: Verdana, sans-serif;\"><span style=\"font-size: small;\">9 gennaio 2018<\/span><\/span><span style=\"font-family: Verdana, sans-serif;\"><span style=\"font-size: small;\">\u00a0a causa di un difetto di notifica.<\/span><\/span><div id=\"div-gpt-ad-Messinaoggi.it-DSK-300x250-corpoart\" style=\"text-align:center;margin:0 auto;\"><\/div><\/p>\n<p class=\"western\" align=\"justify\"><span style=\"font-family: Verdana, sans-serif;\"><span style=\"font-size: small;\">Confconsumatori<\/span><\/span><span style=\"font-family: Verdana, sans-serif;\"><span style=\"font-size: small;\">\u00a0ha preannunciato la richiesta di costituzione di parte civile come associazione di consumatori, nonch\u00e9 nell\u2019interesse di tutti i passeggeri che hanno gi\u00e0 conferito mandato.\u00a0<\/span><\/span><span style=\"font-family: Verdana, sans-serif;\"><span style=\"font-size: small;\">I passeggeri danneggiati<\/span><\/span><span style=\"font-family: Verdana, sans-serif;\"><span style=\"font-size: small;\">\u00a0che non hanno ancora provveduto a inviare la richiesta di costituzione di parte civile\u00a0<\/span><\/span><span style=\"font-family: Verdana, sans-serif;\"><span style=\"font-size: small;\">potranno ancora farlo prima della prossima udienza.<\/span><\/span><div id=\"videoincontent\" style=\"clear:both\";><\/div><\/p>\n<p class=\"western\" align=\"justify\"><span style=\"font-family: Verdana, sans-serif;\"><span style=\"font-size: small;\">Oltre ai danni patrimoniali\u00a0<\/span><\/span><span style=\"font-family: Verdana, sans-serif;\"><span style=\"font-size: small;\">sono evidenti i danni non patrimoniali subiti<\/span><\/span><span style=\"font-family: Verdana, sans-serif;\"><span style=\"font-size: small;\">\u00a0dai passeggeri a causa di tutti i disagi conseguenti ai disservizi causati dalle cancellazioni dei voli. Molte persone hanno visto rovinate le proprie vacanze perch\u00e9, come si ricorder\u00e0, all\u2019epoca dei fatti si era in estate, nel mese di agosto; ma anche chi non si spostava per vacanza ma per altri motivi, ad esempio lavoro o altro, ha subito un altrettanto danno non patrimoniale. Gli\u00a0<\/span><\/span><span style=\"font-family: Verdana, sans-serif;\"><span style=\"font-size: small;\">interessati potranno\u00a0<\/span><\/span><span style=\"font-family: Verdana, sans-serif;\"><span style=\"font-size: small;\">rivolgersi agli\u00a0<\/span><\/span><span style=\"color: #0000ff;\"><u><a href=\"http:\/\/www.confconsumatori.it\/gli-sportelli-di-confconsumatori\/\"><span style=\"font-family: Verdana, sans-serif;\"><span style=\"color: #0000ff; font-size: small;\">sportelli dell\u2019associazione<\/span><\/span><\/a><\/u><\/span><span style=\"font-family: Verdana, sans-serif;\"><span style=\"font-size: small;\">\u00a0o scrivere direttamente a\u00a0<\/span><\/span><span style=\"color: #0000ff;\"><u><a><span style=\"font-family: Verdana, sans-serif;\"><span style=\"font-size: small;\">disserviziaerei@confconsumatori.it<\/span><\/span><\/a><\/u><\/span><span style=\"font-family: Verdana, sans-serif;\"><span style=\"font-size: small;\">\u00a0per la predisposizione di tutto quanto necessario\u00a0<\/span><\/span><span style=\"font-family: Verdana, sans-serif;\"><span style=\"font-size: small;\">entro il 20 dicembre 2017<\/span><\/span><span style=\"font-family: Verdana, sans-serif;\"><span style=\"font-size: small;\">.<\/span><\/span><\/p>\n<p class=\"western\" align=\"justify\"><span style=\"font-family: Verdana, sans-serif;\"><span style=\"font-size: small;\">&#8220;Continueremo la nostra battaglia a fianco dei passeggeri cos\u00ec come fatto sin dal 2012 valorizzando tutte le opportunit\u00e0 esistenti affinch\u00e9 i passeggeri ottengano giustizia per tutti i torti e i soprusi subiti in occasione della triste vicenda Windjet&#8221;,<\/span><\/span><span style=\"font-family: Verdana, sans-serif;\"><span style=\"font-size: small;\">\u00a0ha dichiarato l\u2019avv.\u00a0<\/span><\/span><span style=\"font-family: Verdana, sans-serif;\"><span style=\"font-size: small;\">Carmelo Cal\u00ec<\/span><\/span><span style=\"font-family: Verdana, sans-serif;\"><span style=\"font-size: small;\">, responsabile nazionale Trasporti Confconsumatori.<\/span><\/span><\/p>\n","protected":false},"excerpt":{"rendered":"<p>Si \u00e8 svolta questa mattina, dinnanzi alla Prima Sezione Penale del\u00a0Tribunale di Catania,\u00a0l\u2019udienza del\u00a0caso Windjet, la compagnia aerea low cost catanese, che nell\u2019estate del 2012 ha cessato la propria operativit\u00e0 causando danni e disservizi a migliaia di passeggeri. L\u2019udienza \u00e8 stata rinviata al\u00a09 gennaio 2018\u00a0a causa di un difetto di notifica. Confconsumatori\u00a0ha preannunciato la richiesta [&hellip;]<\/p>\n","protected":false},"author":2,"featured_media":8123,"comment_status":"closed","ping_status":"open","sticky":false,"template":"","format":"standard","meta":{"ub_ctt_via":"","_mi_skip_tracking":false},"categories":[11],"tags":[],"featured_image_src":"https:\/\/www.messinaoggi.it\/website\/wp-content\/uploads\/2017\/09\/windjet1-2.jpg","author_info":{"display_name":"Redazione","author_link":"https:\/\/www.messinaoggi.it\/website\/author\/redazione\/"},"digistream_id":0,"digistream":false,"_links":{"self":[{"href":"https:\/\/www.messinaoggi.it\/website\/wp-json\/wp\/v2\/posts\/8902"}],"collection":[{"href":"https:\/\/www.messinaoggi.it\/website\/wp-json\/wp\/v2\/posts"}],"about":[{"href":"https:\/\/www.messinaoggi.it\/website\/wp-json\/wp\/v2\/types\/post"}],"author":[{"embeddable":true,"href":"https:\/\/www.messinaoggi.it\/website\/wp-json\/wp\/v2\/users\/2"}],"replies":[{"embeddable":true,"href":"https:\/\/www.messinaoggi.it\/website\/wp-json\/wp\/v2\/comments?post=8902"}],"version-history":[{"count":0,"href":"https:\/\/www.messinaoggi.it\/website\/wp-json\/wp\/v2\/posts\/8902\/revisions"}],"wp:featuredmedia":[{"embeddable":true,"href":"https:\/\/www.messinaoggi.it\/website\/wp-json\/wp\/v2\/media\/8123"}],"wp:attachment":[{"href":"https:\/\/www.messinaoggi.it\/website\/wp-json\/wp\/v2\/media?parent=8902"}],"wp:term":[{"taxonomy":"category","embeddable":true,"href":"https:\/\/www.messinaoggi.it\/website\/wp-json\/wp\/v2\/categories?post=8902"},{"taxonomy":"post_tag","embeddable":true,"href":"https:\/\/www.messinaoggi.it\/website\/wp-json\/wp\/v2\/tags?post=8902"}],"curies":[{"name":"wp","href":"https:\/\/api.w.org\/{rel}","templated":true}]}}