{"id":89001,"date":"2021-11-29T16:07:34","date_gmt":"2021-11-29T15:07:34","guid":{"rendered":"https:\/\/www.messinaoggi.it\/website\/2021\/11\/29\/mattarella-nel-paese-senso-di-responsabilita-diffuso\/"},"modified":"2021-11-29T16:07:34","modified_gmt":"2021-11-29T15:07:34","slug":"mattarella-nel-paese-senso-di-responsabilita-diffuso","status":"publish","type":"post","link":"https:\/\/www.messinaoggi.it\/website\/2021\/11\/29\/mattarella-nel-paese-senso-di-responsabilita-diffuso\/","title":{"rendered":"Mattarella \u201cNel Paese senso di responsabilit\u00e0 diffuso\u201d"},"content":{"rendered":"<div>ROMA (ITALPRESS) &#8211; &#8220;Questa cerimonia premia i protagonisti di gesti di solidariet\u00e0 e di senso di responsabilit\u00e0 nei confronti della collettivit\u00e0. Una sensibilit\u00e0 diffusa di responsabilit\u00e0 per gli altri che \u00e8 radicata nella vita civile dell&#8217;Italia&#8221;. Lo ha detto il presidente della Repubblica, Sergio Mattarella, nel corso della cerimonia di consegna delle onorificenze dell&#8217;Ordine al Merito della Repubblica Italiana, conferite &#8220;motu proprio&#8221; dal capo dello Stato nel 2020 e nel 2021.<br \/>&#8220;Sono onorificenze dovute al fatto che siete protagonisti di gesti, o di comportamenti prolungati, di solidariet\u00e0, di altruismo, di iniziative volte ad assicurare il bene comune, iniziative di senso di responsabilit\u00e0 nei confronti della collettivit\u00e0, in cui tutti siamo inseriti&#8221;, ha detto Mattarella ai premiati.<br \/>&#8220;Questo va a vostro merito, ma esprime anche una sensibilit\u00e0 diffusa nel nostro Paese, tra la nostra gente: una sensibilit\u00e0 di senso di responsabilit\u00e0 per gli altri, una sensibilit\u00e0 radicata nella cultura e nella vita civile dell&#8217;Italia &#8211; ha spiegato il capo dello Stato -. Vedete, senza solidariet\u00e0 non esiste una vera comunit\u00e0 in cui vivere e convivere. Sentirsi parte di una comunit\u00e0 conferisce fiducia e speranza, anche sicurezza&#8221;.<br \/>&#8220;Tutto questo \u00e8 stato, del resto, posto in evidenza dalla pandemia, che ha reso evidente come dipendiamo gli uni dagli altri, in ciascun Paese, in ciascun luogo, in ciascuna citt\u00e0, in ciascun borgo, in ciascuno Stato, nella comunit\u00e0 internazionale &#8211; ha proseguito Mattarella -. Per questo \u00e8 importante quello che quest&#8217;oggi vogliamo, insieme, sottolineare: quanto sia decisivo sentire il legame che ci lega gli uni agli altri, in qualunque circostanza, di fronte agli eventi imprevisti, di fronte alle condizioni permanenti. Oggi voi rappresentate anche tanti altri italiani, che adottano comportamenti analoghi ai vostri, perch\u00e8 sono, nel nostro Paese, fortunatamente, diffusi i comportamenti di chi si fa carico delle esigenze degli altri, delle ansie, dei bisogni, delle speranze. Vorrei fare un&#8217;ultima considerazione. Queste onorificenze non sono per voi il premio. Il premio &#8211; lo sapete benissimo &#8211; \u00e8 costituito dalla soddisfazione di aver fatto quel che avete compiuto, dal ringraziamento di chi \u00e8 stato aiutato, dal sorriso di chi \u00e8 stato aiutato: questo \u00e8 il vero ringraziamento. Questo \u00e8 un ringraziamento che rappresenta davvero un arricchimento anche per chi compie questi gesti. Ed \u00e8 il vero premio che avete conseguito. Ma a questo ringraziamento &#8211; quello delle persone che avete aiutato &#8211; vorrei aggiungere il mio: grazie per quanto avete fatto&#8221;.<br \/>(ITALPRESS).<\/div>\n<div id=\"div-gpt-ad-Messinaoggi.it-DSK-300x250-corpoart\" style=\"text-align:center;margin:0 auto;\"><\/div><\/p><div id=\"videoincontent\" style=\"clear:both\";><\/div>","protected":false},"excerpt":{"rendered":"<p>ROMA (ITALPRESS) &#8211; &#8220;Questa cerimonia premia i protagonisti di gesti di solidariet\u00e0 e di senso di responsabilit\u00e0 nei confronti della collettivit\u00e0. Una sensibilit\u00e0 diffusa di responsabilit\u00e0 per gli altri che \u00e8 radicata nella vita civile dell&#8217;Italia&#8221;. Lo ha detto il presidente della Repubblica, Sergio Mattarella, nel corso della cerimonia di consegna delle onorificenze dell&#8217;Ordine al [&hellip;]<\/p>\n","protected":false},"author":18,"featured_media":89002,"comment_status":"closed","ping_status":"closed","sticky":false,"template":"","format":"standard","meta":{"ub_ctt_via":"","_mi_skip_tracking":false},"categories":[446],"tags":[783],"featured_image_src":"https:\/\/www.messinaoggi.it\/website\/wp-content\/uploads\/2021\/11\/20211129_1315.jpg","author_info":{"display_name":"Admin","author_link":"https:\/\/www.messinaoggi.it\/website\/author\/admin\/"},"digistream_id":0,"digistream":false,"_links":{"self":[{"href":"https:\/\/www.messinaoggi.it\/website\/wp-json\/wp\/v2\/posts\/89001"}],"collection":[{"href":"https:\/\/www.messinaoggi.it\/website\/wp-json\/wp\/v2\/posts"}],"about":[{"href":"https:\/\/www.messinaoggi.it\/website\/wp-json\/wp\/v2\/types\/post"}],"author":[{"embeddable":true,"href":"https:\/\/www.messinaoggi.it\/website\/wp-json\/wp\/v2\/users\/18"}],"replies":[{"embeddable":true,"href":"https:\/\/www.messinaoggi.it\/website\/wp-json\/wp\/v2\/comments?post=89001"}],"version-history":[{"count":0,"href":"https:\/\/www.messinaoggi.it\/website\/wp-json\/wp\/v2\/posts\/89001\/revisions"}],"wp:featuredmedia":[{"embeddable":true,"href":"https:\/\/www.messinaoggi.it\/website\/wp-json\/wp\/v2\/media\/89002"}],"wp:attachment":[{"href":"https:\/\/www.messinaoggi.it\/website\/wp-json\/wp\/v2\/media?parent=89001"}],"wp:term":[{"taxonomy":"category","embeddable":true,"href":"https:\/\/www.messinaoggi.it\/website\/wp-json\/wp\/v2\/categories?post=89001"},{"taxonomy":"post_tag","embeddable":true,"href":"https:\/\/www.messinaoggi.it\/website\/wp-json\/wp\/v2\/tags?post=89001"}],"curies":[{"name":"wp","href":"https:\/\/api.w.org\/{rel}","templated":true}]}}