{"id":88999,"date":"2021-11-29T15:47:35","date_gmt":"2021-11-29T14:47:35","guid":{"rendered":"https:\/\/www.messinaoggi.it\/website\/2021\/11\/29\/vaccino-a-palermo-terze-dosi-al-palazzo-di-giustizia\/"},"modified":"2021-11-29T15:47:35","modified_gmt":"2021-11-29T14:47:35","slug":"vaccino-a-palermo-terze-dosi-al-palazzo-di-giustizia","status":"publish","type":"post","link":"https:\/\/www.messinaoggi.it\/website\/2021\/11\/29\/vaccino-a-palermo-terze-dosi-al-palazzo-di-giustizia\/","title":{"rendered":"Vaccino, a Palermo terze dosi al Palazzo di Giustizia"},"content":{"rendered":"<div>\n<p>PALERMO (ITALPRESS) \u2013 L\u2019aula magna della Corte d\u2019Appello di Palermo diventa hub vaccinale. Per cinque giorni \u2013 1, 2, 3, 6 e 7 dicembre \u2013 lo spazio intitolato alla memoria di Giovanni Falcone, Paolo Borsellino e Francesca Morvillo, al primo piano del palazzo di giustizia di Palermo, in piazza Vittorio Emanuele Orlando, ospiter\u00e0 squadre di medici, infermieri e personale amministrativo della locale struttura commissariale per la gestione dell\u2019emergenza Covid, guidata dal commissario ad acta Renato Costa. <br \/>Dalle 9 alle 14, in ognuno dei giorni indicati, il personale sanitario sar\u00e0 a disposizione di tutti gli operatori della giustizia: magistrati, avvocati, impiegati e loro familiari, che potranno prenotare il vaccino dalla piattaforma online della Fiera del Mediterraneo. L\u2019iniziativa si inscrive nel solco gi\u00e0 tracciato dall\u2019ufficio del commissario Covid di Palermo per rendere la campagna vaccinale sempre pi\u00f9 capillare, portandola avanti dentro ma anche fuori dall\u2019hub della Fiera del Mediterraneo. <br \/>Gli uffici della Corte d\u2019Appello hanno aderito con slancio. \u201cDa parte nostra, partecipare a questa seduta di vaccinazione di prossimit\u00e0 \u00e8 un atto di testimonianza sul senso di responsabilit\u00e0 che dovrebbe investire tutti, facendo superare ogni resistenza \u2013 dichiara il presidente della Corte d\u2019Appello di Palermo, Matteo Frasca -. Condividiamo con il commissario Covid di Palermo, Renato Costa, la missione di condividere il pi\u00f9 possibile la cultura della vaccinazione come strumento di solidariet\u00e0 sociale e responsabilit\u00e0, a tutela del diritto alla salute e anche a tutela dell\u2019economia di un intero Paese\u201d.<br \/>Sar\u00e0 possibile eseguire prevalentemente terze dosi di vaccino anti-Covid, ma anche prime e seconde. \u201cFin dall\u2019inizio abbiamo interpretato la campagna vaccinale come un servizio sanitario di prossimit\u00e0 da offrire ai cittadini anche a domicilio \u2013 afferma il commissario Covid della Citt\u00e0 metropolitana di Palermo, Renato Costa -. Per noi \u00e8 questo il senso della medicina territoriale: non limitarsi a curare in senso stretto, ma prendersi cura degli utenti nell\u2019accezione pi\u00f9 ampia possibile, rendendo i servizi pi\u00f9 agevoli e dunque anche raggiungendo la cittadinanza nei luoghi in cui vive e lavora. Ci aspettiamo un\u2019adesione massiccia anche stavolta: aiutateci a proteggervi, fate la terza dose di vaccino\u201d.  <br \/>(ITALPRESS).<div id=\"div-gpt-ad-Messinaoggi.it-DSK-300x250-corpoart\" style=\"text-align:center;margin:0 auto;\"><\/div><\/p>\n<\/div>\n<div id=\"videoincontent\" style=\"clear:both\";><\/div>","protected":false},"excerpt":{"rendered":"<p>PALERMO (ITALPRESS) \u2013 L\u2019aula magna della Corte d\u2019Appello di Palermo diventa hub vaccinale. Per cinque giorni \u2013 1, 2, 3, 6 e 7 dicembre \u2013 lo spazio intitolato alla memoria di Giovanni Falcone, Paolo Borsellino e Francesca Morvillo, al primo piano del palazzo di giustizia di Palermo, in piazza Vittorio Emanuele Orlando, ospiter\u00e0 squadre di [&hellip;]<\/p>\n","protected":false},"author":18,"featured_media":89000,"comment_status":"closed","ping_status":"closed","sticky":false,"template":"","format":"standard","meta":{"ub_ctt_via":"","_mi_skip_tracking":false},"categories":[2449],"tags":[783],"featured_image_src":"https:\/\/www.messinaoggi.it\/website\/wp-content\/uploads\/2021\/11\/20211129_1376.jpg","author_info":{"display_name":"Admin","author_link":"https:\/\/www.messinaoggi.it\/website\/author\/admin\/"},"digistream_id":0,"digistream":false,"_links":{"self":[{"href":"https:\/\/www.messinaoggi.it\/website\/wp-json\/wp\/v2\/posts\/88999"}],"collection":[{"href":"https:\/\/www.messinaoggi.it\/website\/wp-json\/wp\/v2\/posts"}],"about":[{"href":"https:\/\/www.messinaoggi.it\/website\/wp-json\/wp\/v2\/types\/post"}],"author":[{"embeddable":true,"href":"https:\/\/www.messinaoggi.it\/website\/wp-json\/wp\/v2\/users\/18"}],"replies":[{"embeddable":true,"href":"https:\/\/www.messinaoggi.it\/website\/wp-json\/wp\/v2\/comments?post=88999"}],"version-history":[{"count":0,"href":"https:\/\/www.messinaoggi.it\/website\/wp-json\/wp\/v2\/posts\/88999\/revisions"}],"wp:featuredmedia":[{"embeddable":true,"href":"https:\/\/www.messinaoggi.it\/website\/wp-json\/wp\/v2\/media\/89000"}],"wp:attachment":[{"href":"https:\/\/www.messinaoggi.it\/website\/wp-json\/wp\/v2\/media?parent=88999"}],"wp:term":[{"taxonomy":"category","embeddable":true,"href":"https:\/\/www.messinaoggi.it\/website\/wp-json\/wp\/v2\/categories?post=88999"},{"taxonomy":"post_tag","embeddable":true,"href":"https:\/\/www.messinaoggi.it\/website\/wp-json\/wp\/v2\/tags?post=88999"}],"curies":[{"name":"wp","href":"https:\/\/api.w.org\/{rel}","templated":true}]}}