{"id":88973,"date":"2021-11-29T12:07:34","date_gmt":"2021-11-29T11:07:34","guid":{"rendered":"https:\/\/www.messinaoggi.it\/website\/2021\/11\/29\/manovra-salvini-serve-posizione-comune-del-centrodestra\/"},"modified":"2021-11-29T12:07:34","modified_gmt":"2021-11-29T11:07:34","slug":"manovra-salvini-serve-posizione-comune-del-centrodestra","status":"publish","type":"post","link":"https:\/\/www.messinaoggi.it\/website\/2021\/11\/29\/manovra-salvini-serve-posizione-comune-del-centrodestra\/","title":{"rendered":"Manovra, Salvini \u201cServe posizione comune del centrodestra\u201d"},"content":{"rendered":"<div>ROMA (ITALPRESS) &#8211; &#8220;Proporr\u00f2 un incontro gi\u00e0 questa settimana per avere un centrodestra compatto, perch\u00e8 alcune battaglie parlamentari vanno portate avanti in maniera compatta. Penso che comincer\u00e0 all&#8217;inizio della prossima settimana il voto sugli emendamenti e dobbiamo avere una posizione comune&#8221;. Lo ha detto il segretario della Lega, Matteo Salvini, nel corso della conferenza stampa di presentazione degli emendamenti della Lega alla legge di bilancio. Domani &#8220;c&#8217;\u00e8 l&#8217;incontro con il presidente Draghi, le nostre priorit\u00e0 saranno le bollette di luce e gas, rispetto al 2020 il 2021 triplica il costo della luce e il gas raddoppia, vanno bene 8 miliardi di taglio delle tasse ma se una famiglia deve pagare tre volte tanto la luce e due il gas, nell&#8217;arco di due mesi il taglio delle tasse \u00e8 gi\u00e0 svanito, ci sono gi\u00e0 diverse aziende artigianali che hanno gi\u00e0 chiuso. La priorit\u00e0 che domani porteremo \u00e8 per le imprese ma anche per le famiglie, i 2 miliardi stanziati non bastano perch\u00e8 non si vede una riduzione del costo dell&#8217;energia&#8221;.<br \/>(ITALPRESS).<\/div>\n<div id=\"div-gpt-ad-Messinaoggi.it-DSK-300x250-corpoart\" style=\"text-align:center;margin:0 auto;\"><\/div><\/p><div id=\"videoincontent\" style=\"clear:both\";><\/div>","protected":false},"excerpt":{"rendered":"<p>ROMA (ITALPRESS) &#8211; &#8220;Proporr\u00f2 un incontro gi\u00e0 questa settimana per avere un centrodestra compatto, perch\u00e8 alcune battaglie parlamentari vanno portate avanti in maniera compatta. Penso che comincer\u00e0 all&#8217;inizio della prossima settimana il voto sugli emendamenti e dobbiamo avere una posizione comune&#8221;. Lo ha detto il segretario della Lega, Matteo Salvini, nel corso della conferenza stampa [&hellip;]<\/p>\n","protected":false},"author":18,"featured_media":88974,"comment_status":"closed","ping_status":"closed","sticky":false,"template":"","format":"standard","meta":{"ub_ctt_via":"","_mi_skip_tracking":false},"categories":[446],"tags":[783],"featured_image_src":"https:\/\/www.messinaoggi.it\/website\/wp-content\/uploads\/2021\/11\/20211129_0435.jpg","author_info":{"display_name":"Admin","author_link":"https:\/\/www.messinaoggi.it\/website\/author\/admin\/"},"digistream_id":0,"digistream":false,"_links":{"self":[{"href":"https:\/\/www.messinaoggi.it\/website\/wp-json\/wp\/v2\/posts\/88973"}],"collection":[{"href":"https:\/\/www.messinaoggi.it\/website\/wp-json\/wp\/v2\/posts"}],"about":[{"href":"https:\/\/www.messinaoggi.it\/website\/wp-json\/wp\/v2\/types\/post"}],"author":[{"embeddable":true,"href":"https:\/\/www.messinaoggi.it\/website\/wp-json\/wp\/v2\/users\/18"}],"replies":[{"embeddable":true,"href":"https:\/\/www.messinaoggi.it\/website\/wp-json\/wp\/v2\/comments?post=88973"}],"version-history":[{"count":0,"href":"https:\/\/www.messinaoggi.it\/website\/wp-json\/wp\/v2\/posts\/88973\/revisions"}],"wp:featuredmedia":[{"embeddable":true,"href":"https:\/\/www.messinaoggi.it\/website\/wp-json\/wp\/v2\/media\/88974"}],"wp:attachment":[{"href":"https:\/\/www.messinaoggi.it\/website\/wp-json\/wp\/v2\/media?parent=88973"}],"wp:term":[{"taxonomy":"category","embeddable":true,"href":"https:\/\/www.messinaoggi.it\/website\/wp-json\/wp\/v2\/categories?post=88973"},{"taxonomy":"post_tag","embeddable":true,"href":"https:\/\/www.messinaoggi.it\/website\/wp-json\/wp\/v2\/tags?post=88973"}],"curies":[{"name":"wp","href":"https:\/\/api.w.org\/{rel}","templated":true}]}}