{"id":88903,"date":"2021-11-28T16:07:33","date_gmt":"2021-11-28T15:07:33","guid":{"rendered":"https:\/\/www.messinaoggi.it\/website\/2021\/11\/28\/f-1-in-lutto-morto-a-79-anni-sir-frank-williams\/"},"modified":"2021-11-28T16:07:33","modified_gmt":"2021-11-28T15:07:33","slug":"f-1-in-lutto-morto-a-79-anni-sir-frank-williams","status":"publish","type":"post","link":"https:\/\/www.messinaoggi.it\/website\/2021\/11\/28\/f-1-in-lutto-morto-a-79-anni-sir-frank-williams\/","title":{"rendered":"F.1 in lutto, morto a 79 anni Sir Frank Williams"},"content":{"rendered":"<div>ROMA (ITALPRESS) &#8211; E&#8217; morto a 79 anni Sir Frank Williams, il team principal pi\u00f9 longevo della Formula 1. E&#8217; stato il fondatore e manager della scuderia che porta il suo nome. Lo ha confermato Williams Racing. &#8220;E&#8217; con grande tristezza che, a nome della famiglia Williams, il team conferma la morte di Sir Frank Williams, fondatore ed ex Team Principal della Williams Racing, all&#8217;et\u00e0 di 79 anni&#8221;, si legge sulla pagina social della scuderia.<br \/>&#8220;Siamo profondamente tristi per la scomparsa di Sir Frank Williams. La sua \u00e8 stata una vita guidata dalla passione per il motorsport; la sua eredit\u00e0 \u00e8 incommensurabile e far\u00e0 parte per sempre della Formula 1 &#8211; le parole di F1 affidate a un post social -. Conoscerlo \u00e8 stata un&#8217;ispirazione e un privilegio&#8221;.<br \/>(ITALPRESS).<\/div>\n<div id=\"div-gpt-ad-Messinaoggi.it-DSK-300x250-corpoart\" style=\"text-align:center;margin:0 auto;\"><\/div><\/p><div id=\"videoincontent\" style=\"clear:both\";><\/div>","protected":false},"excerpt":{"rendered":"<p>ROMA (ITALPRESS) &#8211; E&#8217; morto a 79 anni Sir Frank Williams, il team principal pi\u00f9 longevo della Formula 1. E&#8217; stato il fondatore e manager della scuderia che porta il suo nome. Lo ha confermato Williams Racing. &#8220;E&#8217; con grande tristezza che, a nome della famiglia Williams, il team conferma la morte di Sir Frank [&hellip;]<\/p>\n","protected":false},"author":18,"featured_media":88904,"comment_status":"closed","ping_status":"closed","sticky":false,"template":"","format":"standard","meta":{"ub_ctt_via":"","_mi_skip_tracking":false},"categories":[446],"tags":[783],"featured_image_src":"https:\/\/www.messinaoggi.it\/website\/wp-content\/uploads\/2021\/11\/20211128_0837.jpg","author_info":{"display_name":"Admin","author_link":"https:\/\/www.messinaoggi.it\/website\/author\/admin\/"},"digistream_id":0,"digistream":false,"_links":{"self":[{"href":"https:\/\/www.messinaoggi.it\/website\/wp-json\/wp\/v2\/posts\/88903"}],"collection":[{"href":"https:\/\/www.messinaoggi.it\/website\/wp-json\/wp\/v2\/posts"}],"about":[{"href":"https:\/\/www.messinaoggi.it\/website\/wp-json\/wp\/v2\/types\/post"}],"author":[{"embeddable":true,"href":"https:\/\/www.messinaoggi.it\/website\/wp-json\/wp\/v2\/users\/18"}],"replies":[{"embeddable":true,"href":"https:\/\/www.messinaoggi.it\/website\/wp-json\/wp\/v2\/comments?post=88903"}],"version-history":[{"count":0,"href":"https:\/\/www.messinaoggi.it\/website\/wp-json\/wp\/v2\/posts\/88903\/revisions"}],"wp:featuredmedia":[{"embeddable":true,"href":"https:\/\/www.messinaoggi.it\/website\/wp-json\/wp\/v2\/media\/88904"}],"wp:attachment":[{"href":"https:\/\/www.messinaoggi.it\/website\/wp-json\/wp\/v2\/media?parent=88903"}],"wp:term":[{"taxonomy":"category","embeddable":true,"href":"https:\/\/www.messinaoggi.it\/website\/wp-json\/wp\/v2\/categories?post=88903"},{"taxonomy":"post_tag","embeddable":true,"href":"https:\/\/www.messinaoggi.it\/website\/wp-json\/wp\/v2\/tags?post=88903"}],"curies":[{"name":"wp","href":"https:\/\/api.w.org\/{rel}","templated":true}]}}