{"id":88803,"date":"2021-11-27T17:39:18","date_gmt":"2021-11-27T16:39:18","guid":{"rendered":"http:\/\/www.messinaoggi.it\/website\/?p=88803"},"modified":"2021-11-27T17:39:35","modified_gmt":"2021-11-27T16:39:35","slug":"questure-sempre-piu-vuote-sos-dellusip","status":"publish","type":"post","link":"https:\/\/www.messinaoggi.it\/website\/2021\/11\/27\/questure-sempre-piu-vuote-sos-dellusip\/","title":{"rendered":"Questure sempre pi\u00f9 vuote, SOS dell&#8217;Usip"},"content":{"rendered":"\n<p>&#8220;Chiediamo alla politica un intervento immediato perch\u00e9 c&#8217;\u00e8 una carenza di organico a livello nazionale, in polizia siamo passati da 115 mila unit\u00e0 a 96 mila. Questa riduzione ha comportato a cascata un depotenziamento nelle varie questure come a Messina&#8221;. A dirlo Vittorio Costantini, segretario nazionale Usip (Unione sindacale poliziotti) durante il convegno su &#8216;Politica di investimenti per un&#8217;efficiente sicurezza partecipata a Messina&#8221;, organizzato al Comune dal sindacato e al quale hanno partecipato anche Claudio Fabio De Luca Segretario Generale regionale USIP Sicilia, Rosaria Maira, responsabile nazionale Usip mobbing e stalking, i deputati regionali Giuseppe Lupo, Elvira Amata, i deputati nazionali Ella Bucalo, Antonella Papiro e Pietro Navarra, l&#8217;avvocato Bonaventura Candido presidente Camera Penale Messina, l&#8217;avvocato Chiara Sterrantino vice presidente de Cas, consorzio autostrade siciliane e Dafne Musolino, assessore con delega alla Polizia municipale. &#8220;Questa situazione &#8211; prosegue Costantini &#8211; insieme all&#8217;aumento dell&#8217;et\u00e0 media a 50 anni comporta una necessit\u00e0 di ringiovanire il personale. Auspichiamo che nel 2022 ci siano ulteriori risorse che possano potenziare le nuove leve e abbattere l&#8217;et\u00e0 media per avere una polizia pi\u00f9 giovane e reattiva a Messina, come in altre citt\u00e0&#8221;.<div id=\"div-gpt-ad-Messinaoggi.it-DSK-300x250-corpoart\" style=\"text-align:center;margin:0 auto;\"><\/div><\/p>\n<div id=\"videoincontent\" style=\"clear:both\";><\/div>","protected":false},"excerpt":{"rendered":"<p>&#8220;Chiediamo alla politica un intervento immediato perch\u00e9 c&#8217;\u00e8 una carenza di organico a livello nazionale, in polizia siamo passati da 115 mila unit\u00e0 a 96 mila. Questa riduzione ha comportato a cascata un depotenziamento nelle varie questure come a Messina&#8221;. A dirlo Vittorio Costantini, segretario nazionale Usip (Unione sindacale poliziotti) durante il convegno su &#8216;Politica [&hellip;]<\/p>\n","protected":false},"author":4,"featured_media":1465,"comment_status":"open","ping_status":"open","sticky":false,"template":"","format":"standard","meta":{"ub_ctt_via":"","_mi_skip_tracking":false},"categories":[6],"tags":[33,3547],"featured_image_src":"https:\/\/www.messinaoggi.it\/website\/wp-content\/uploads\/2017\/06\/Questura-tabella-2.jpg","author_info":{"display_name":"redme","author_link":"https:\/\/www.messinaoggi.it\/website\/author\/redme\/"},"digistream_id":0,"digistream":false,"_links":{"self":[{"href":"https:\/\/www.messinaoggi.it\/website\/wp-json\/wp\/v2\/posts\/88803"}],"collection":[{"href":"https:\/\/www.messinaoggi.it\/website\/wp-json\/wp\/v2\/posts"}],"about":[{"href":"https:\/\/www.messinaoggi.it\/website\/wp-json\/wp\/v2\/types\/post"}],"author":[{"embeddable":true,"href":"https:\/\/www.messinaoggi.it\/website\/wp-json\/wp\/v2\/users\/4"}],"replies":[{"embeddable":true,"href":"https:\/\/www.messinaoggi.it\/website\/wp-json\/wp\/v2\/comments?post=88803"}],"version-history":[{"count":1,"href":"https:\/\/www.messinaoggi.it\/website\/wp-json\/wp\/v2\/posts\/88803\/revisions"}],"predecessor-version":[{"id":88806,"href":"https:\/\/www.messinaoggi.it\/website\/wp-json\/wp\/v2\/posts\/88803\/revisions\/88806"}],"wp:featuredmedia":[{"embeddable":true,"href":"https:\/\/www.messinaoggi.it\/website\/wp-json\/wp\/v2\/media\/1465"}],"wp:attachment":[{"href":"https:\/\/www.messinaoggi.it\/website\/wp-json\/wp\/v2\/media?parent=88803"}],"wp:term":[{"taxonomy":"category","embeddable":true,"href":"https:\/\/www.messinaoggi.it\/website\/wp-json\/wp\/v2\/categories?post=88803"},{"taxonomy":"post_tag","embeddable":true,"href":"https:\/\/www.messinaoggi.it\/website\/wp-json\/wp\/v2\/tags?post=88803"}],"curies":[{"name":"wp","href":"https:\/\/api.w.org\/{rel}","templated":true}]}}