{"id":88726,"date":"2021-11-27T07:00:08","date_gmt":"2021-11-27T06:00:08","guid":{"rendered":"http:\/\/www.messinaoggi.it\/website\/?p=88726"},"modified":"2021-11-26T18:42:02","modified_gmt":"2021-11-26T17:42:02","slug":"meteo-weekend-instabile","status":"publish","type":"post","link":"https:\/\/www.messinaoggi.it\/website\/2021\/11\/27\/meteo-weekend-instabile\/","title":{"rendered":"Meteo, weekend instabile"},"content":{"rendered":"\n<p>Il maltempo di tenore alluvionale \u00e8 tornato di stretta attualit\u00e0, con una serie di imponenti cumulonembi che hanno prodotto precipitazioni di forte intensit\u00e0, localmente a regime di nubifragio. \u00a0Anche la citt\u00e0 dello Stretto ha ricevuto una discreta razione, mentre nelle ultime 24 h una moderata stabilit\u00e0 sta inframmezzando la fisiologica ciclicit\u00e0 fra una perturbazione e l&#8217;altra. Come evidenzia eloquentemente Gfs, tutta l&#8217;Europa centro settentrionale sar\u00e0 alle prese con una gagliarda impalcatura depressionaria che smister\u00e0 termiche molto fredde anche su Francia e Spagna.<div id=\"div-gpt-ad-Messinaoggi.it-DSK-300x250-corpoart\" style=\"text-align:center;margin:0 auto;\"><\/div><\/p>\n\n\n\n<p>L&#8217; angolazione meridiana iberica di suddetto meccanismo depressionario riserver\u00e0 alla Sicilia una curvatura libecciale. Un fiotto di aria molto fredda a 500 hpa stramazzer\u00e0 verso le Baleari, abbordando la costa algerina, mentre la nostra regione non sar\u00e0 minimamente toccata da questo &#8220;torrente&#8221; di aria fredda decentrato sul Mediterraneo occidentale. Tuttavia, sabato una -24 a 500 hpa trover\u00e0 il modo di infiltrarsi e di generare una lieve destabilizzazione della colonna d&#8217;aria, senza aizzare pi\u00f9 di tanto il modesto gradiente verticale. Con questo quadro sinottico, le condizioni meteorologiche saranno dinamicizzate soltanto blandamente da qualche alito fresco a 500 hpa.<div id=\"videoincontent\" style=\"clear:both\";><\/div><\/p>\n\n\n\n<p>Nessuna perturbazione interesser\u00e0 direttamente la Sicilia e il cielo spazier\u00e0 all&#8217;irregolarmente nuvoloso a parzialmente coperto. L&#8217;instabilit\u00e0 apportata dalla -24 a 500 hpa potrebbe favorire la genesi di congesti sparsi, che daranno adito a qualche isolato rovescio di pioggia a carattere intermittente. I quantitativi cumulati non dovrebbero superare i 10-15 mm, senza alcun evento da attenzionare. Anche domenica una certa variabilit\u00e0 sar\u00e0 ravvisabile per lunghi tratti, con corrucciamenti avvettivi che soltanto localmente potrebbero essere accompagnati da deboli piogge sparse, pi\u00f9 probabili del versante tirrenico.<\/p>\n\n\n\n<p>I venti spireranno moderatamente la libeccio sabato (SW), in rotazione a ponente (W) domenica, con forti raffiche marittime al largo delle Eolie. Il Tirreno risulter\u00e0 molto mosso in mare aperto, mentre lo Stretto sar\u00e0 spumeggiante durante la blanda libecciata di sabato. La temperatura \u00e8 prevista stazionaria, oscillando dai 15\u00b0 di minima ai 17-18\u00b0 di massima. Il tasso dell&#8217;Ur far\u00e0 segnare valori mediamente elevati compresi fra il 60 e il 90%.<\/p>\n\n\n\n<p>Le tendenze del tempo a medio termine prefigurano che luned\u00ec sera la Sicilia sar\u00e0 soggetta a un radicale cambio circolatorio, con introduzione di una fresca 0 a 850 hpa. Non dovremmo assistere a una invernata di buona qualit\u00e0, ma una -32 a 500 hpa potrebbe solcare il Tirreno meridionale, favorendo una scoppietante risposta convettiva. Il notevole gradiente verticale serale e notturno rappresenter\u00e0 il propellente saliente per l&#8217;innesco di imponenti cumulonembi che per almeno 12 h potrebbero arrecare forti rovesci anche a sfondo grandinigeno. La quota neve dovrebbe attestarsi intorno ai 850 metri. Aria frizzante ma non polare che ci avviciner\u00e0 al regime invernale, senza alcuna sensazionale spolverata collinare.<\/p>\n\n\n\n<p><strong>Alessio Campobello<\/strong><\/p>\n","protected":false},"excerpt":{"rendered":"<p>Il maltempo di tenore alluvionale \u00e8 tornato di stretta attualit\u00e0, con una serie di imponenti cumulonembi che hanno prodotto precipitazioni di forte intensit\u00e0, localmente a regime di nubifragio. \u00a0Anche la citt\u00e0 dello Stretto ha ricevuto una discreta razione, mentre nelle ultime 24 h una moderata stabilit\u00e0 sta inframmezzando la fisiologica ciclicit\u00e0 fra una perturbazione e [&hellip;]<\/p>\n","protected":false},"author":8,"featured_media":88727,"comment_status":"open","ping_status":"open","sticky":false,"template":"","format":"standard","meta":{"ub_ctt_via":"","_mi_skip_tracking":false},"categories":[5],"tags":[1225,178],"featured_image_src":"https:\/\/www.messinaoggi.it\/website\/wp-content\/uploads\/2021\/11\/69f6f9de-a75e-4743-9793-e1064542cbd2.jpg","author_info":{"display_name":"red..me","author_link":"https:\/\/www.messinaoggi.it\/website\/author\/redstage\/"},"digistream_id":0,"digistream":false,"_links":{"self":[{"href":"https:\/\/www.messinaoggi.it\/website\/wp-json\/wp\/v2\/posts\/88726"}],"collection":[{"href":"https:\/\/www.messinaoggi.it\/website\/wp-json\/wp\/v2\/posts"}],"about":[{"href":"https:\/\/www.messinaoggi.it\/website\/wp-json\/wp\/v2\/types\/post"}],"author":[{"embeddable":true,"href":"https:\/\/www.messinaoggi.it\/website\/wp-json\/wp\/v2\/users\/8"}],"replies":[{"embeddable":true,"href":"https:\/\/www.messinaoggi.it\/website\/wp-json\/wp\/v2\/comments?post=88726"}],"version-history":[{"count":1,"href":"https:\/\/www.messinaoggi.it\/website\/wp-json\/wp\/v2\/posts\/88726\/revisions"}],"predecessor-version":[{"id":88728,"href":"https:\/\/www.messinaoggi.it\/website\/wp-json\/wp\/v2\/posts\/88726\/revisions\/88728"}],"wp:featuredmedia":[{"embeddable":true,"href":"https:\/\/www.messinaoggi.it\/website\/wp-json\/wp\/v2\/media\/88727"}],"wp:attachment":[{"href":"https:\/\/www.messinaoggi.it\/website\/wp-json\/wp\/v2\/media?parent=88726"}],"wp:term":[{"taxonomy":"category","embeddable":true,"href":"https:\/\/www.messinaoggi.it\/website\/wp-json\/wp\/v2\/categories?post=88726"},{"taxonomy":"post_tag","embeddable":true,"href":"https:\/\/www.messinaoggi.it\/website\/wp-json\/wp\/v2\/tags?post=88726"}],"curies":[{"name":"wp","href":"https:\/\/api.w.org\/{rel}","templated":true}]}}