{"id":8864,"date":"2017-10-03T07:00:58","date_gmt":"2017-10-03T05:00:58","guid":{"rendered":"http:\/\/www.messinaoggi.it\/website\/?p=8864"},"modified":"2017-10-03T07:00:58","modified_gmt":"2017-10-03T05:00:58","slug":"mobilita-giovanile-7-studenti-polacchi-ospiti-allistituto-ettore-majorana","status":"publish","type":"post","link":"https:\/\/www.messinaoggi.it\/website\/2017\/10\/03\/mobilita-giovanile-7-studenti-polacchi-ospiti-allistituto-ettore-majorana\/","title":{"rendered":"Mobilit\u00e0 giovanile, 7 studenti polacchi ospiti all&#039;istituto &quot;Ettore Majorana&quot;"},"content":{"rendered":"<p style=\"text-align: justify\">L&#8217;istituto tecnico tecnologico <strong>&#8220;Ettore Majorana&#8221;<\/strong> di Milazzo, promuove nell&#8217;ambito del progetto <strong>Erasmus+<\/strong> uno stage formativo ospitando sette ragazzi provenienti dalla Polonia. Ogni tirocinante, impegnato secondo l\u2019orario scolastico in vigore, sar\u00e0 affidato a un docente della specializzazione di chimica e lo affiancher\u00e0 durante le ore di laboratorio con gli alunni. E&#8217; stata prevista anche la presenza di un docente di lingua inglese per facilitare la comunicazione tra tirocinanti, docenti e allievi.<div id=\"div-gpt-ad-Messinaoggi.it-DSK-300x250-corpoart\" style=\"text-align:center;margin:0 auto;\"><\/div><\/p>\n<p style=\"text-align: justify\">Il dirigente scolastico <strong>Vadal\u00e0<\/strong> ha subito accolto con entusiasmo il progetto convinto che l&#8217;iniziativa dia agli studenti la possibilit\u00e0 di confrontarsi con una realt\u00e0 diversa dalla loro per ampliare il loro bagaglio culturale e apprezzare la diversit\u00e0 culturale. Si rinnova, quindi, la collaborazione tra il \u201cMajorana\u201d e l\u2019sssociazione culturale <strong>\u201cA Rocca\u201d<\/strong> di Barcellona Pozzo di Gotto che ha dato vita all\u2019agenzia <strong>Eproject Consult<\/strong>, nata per facilitare la mobilit\u00e0 giovanile in Europa.<div id=\"videoincontent\" style=\"clear:both\";><\/div><\/p>\n<p style=\"text-align: justify\">Il fulcro dell&#8217;iniziativa \u00e8 lo studente che si inserisce in un sistema che favorisce lo scambio culturale e il confronto per rendere i nostri giovani studenti di oggi, cittadini attivi e consapevoli di domani.<\/p>\n<p> <\/p>\n<p style=\"text-align: right\">Erika Oppedisano<\/p>\n","protected":false},"excerpt":{"rendered":"<p>L&#8217;istituto tecnico tecnologico &#8220;Ettore Majorana&#8221; di Milazzo, promuove nell&#8217;ambito del progetto Erasmus+ uno stage formativo ospitando sette ragazzi provenienti dalla Polonia. Ogni tirocinante, impegnato secondo l\u2019orario scolastico in vigore, sar\u00e0 affidato a un docente della specializzazione di chimica e lo affiancher\u00e0 durante le ore di laboratorio con gli alunni. E&#8217; stata prevista anche la presenza [&hellip;]<\/p>\n","protected":false},"author":8,"featured_media":8865,"comment_status":"closed","ping_status":"open","sticky":false,"template":"","format":"standard","meta":{"ub_ctt_via":"","_mi_skip_tracking":false},"categories":[7],"tags":[],"featured_image_src":"https:\/\/www.messinaoggi.it\/website\/wp-content\/uploads\/2017\/10\/Ettore-Majorana-milazzo-2.jpg","author_info":{"display_name":"red..me","author_link":"https:\/\/www.messinaoggi.it\/website\/author\/redstage\/"},"digistream_id":0,"digistream":false,"_links":{"self":[{"href":"https:\/\/www.messinaoggi.it\/website\/wp-json\/wp\/v2\/posts\/8864"}],"collection":[{"href":"https:\/\/www.messinaoggi.it\/website\/wp-json\/wp\/v2\/posts"}],"about":[{"href":"https:\/\/www.messinaoggi.it\/website\/wp-json\/wp\/v2\/types\/post"}],"author":[{"embeddable":true,"href":"https:\/\/www.messinaoggi.it\/website\/wp-json\/wp\/v2\/users\/8"}],"replies":[{"embeddable":true,"href":"https:\/\/www.messinaoggi.it\/website\/wp-json\/wp\/v2\/comments?post=8864"}],"version-history":[{"count":0,"href":"https:\/\/www.messinaoggi.it\/website\/wp-json\/wp\/v2\/posts\/8864\/revisions"}],"wp:featuredmedia":[{"embeddable":true,"href":"https:\/\/www.messinaoggi.it\/website\/wp-json\/wp\/v2\/media\/8865"}],"wp:attachment":[{"href":"https:\/\/www.messinaoggi.it\/website\/wp-json\/wp\/v2\/media?parent=8864"}],"wp:term":[{"taxonomy":"category","embeddable":true,"href":"https:\/\/www.messinaoggi.it\/website\/wp-json\/wp\/v2\/categories?post=8864"},{"taxonomy":"post_tag","embeddable":true,"href":"https:\/\/www.messinaoggi.it\/website\/wp-json\/wp\/v2\/tags?post=8864"}],"curies":[{"name":"wp","href":"https:\/\/api.w.org\/{rel}","templated":true}]}}