{"id":88635,"date":"2021-11-26T09:26:31","date_gmt":"2021-11-26T08:26:31","guid":{"rendered":"http:\/\/www.messinaoggi.it\/website\/?p=88635"},"modified":"2021-11-26T09:26:32","modified_gmt":"2021-11-26T08:26:32","slug":"uil-fpl-soddisfatti-blocco-convenzione-asp-giglio","status":"publish","type":"post","link":"https:\/\/www.messinaoggi.it\/website\/2021\/11\/26\/uil-fpl-soddisfatti-blocco-convenzione-asp-giglio\/","title":{"rendered":"Uil-FPL: \u201cSoddisfatti blocco convenzione Asp-Giglio\u201d"},"content":{"rendered":"\n<p><br>\u201cApprendiamo della stampa che sarebbe stata sospesa la convenzione con la Fondazione Giglio di Cefal\u00f9, riguardante l\u2019ospedale di Mistretta. Accogliamo questa notizia con soddisfazione perch\u00e9 evidentemente sono state colte delle criticit\u00e0, dopo la nostra denuncia alla Procura della Corte dei Conti. In riferimento alla presa di posizione di una parlamentare messinese \u2013 ricordiamo a noi stessa non eletta, ma nominata all\u2019interno del listino del governatore Musumeci -, la quale si chiede quali interessi abbia la Uil-Fpl di Messina, rispondiamo rivolgendole la stessa domanda. Se \u00e8 pacifico che l\u2019interesse del sindacato sia quello della tutela dei diritti dei lavoratori e dell\u2019efficienza dell\u2019offerta sanitaria, ci chiediamo quali interessi politici animino la parlamentare regionale, che ha preso cos\u00ec a cuore la convenzione oggetto della nostra denuncia, dal momento che si potrebbe prefigurare un danno erariale per l\u2019Asp di Messina a fronte di un servizio che ha ricadute limitate per l\u2019utenza dell\u2019ospedale di Mistretta. Infatti, la convenzione prevede che il 90% del \u2018drg\u2019 vada alla Fondazione mentre i costi ricadrebbero sull\u2019Asp che non riuscirebbe nemmeno a coprire con la restante parte. La deputata, inoltre, \u00e8 a conoscenza del fatto che nell\u2019ambito della convenzione non \u00e8 stato mai attivato l\u2019ambulatorio di urologia? E poi sa che la convenzione comprime l\u2019offerta, in termini di posti letto dell\u2019ospedale di Mistretta, contrariamente a quanto previsto dal Decreto Balduzzi? Ci\u00f2 determinerebbe da un lato un disservizio per i pazienti, e dall\u2019altro un esubero di personale, per effetto della riduzione, destinato ad essere ricollocato in altri ospedali. Se a conoscenza di queste circostanze, non comprendiamo la pervicacia della deputata nel perorare la causa della Fondazione Giglio di Cefal\u00f9. Sull\u2019argomento, siamo pronti a sostenere un confronto pubblico, magari da tenersi presso la citt\u00e0 Metropolitana di Messina, alla presenza del sindaco Cateno De Luca, nella sua qualit\u00e0 di massimo rappresentante della Conferenza dei sindaci. In quella sede enunceremo le fallacit\u00e0 di una convenzione, che i vertici della Sanit\u00e0 regionale \u2013 come annunciato oggi dalla parlamentare \u2013 hanno sospeso dopo la nostra denuncia alla Procura della Corte dei Conti\u201d.<div id=\"div-gpt-ad-Messinaoggi.it-DSK-300x250-corpoart\" style=\"text-align:center;margin:0 auto;\"><\/div><\/p>\n\n\n\n<p>Cos\u00ec Pippo Calapai, segretario generale della Uil-Fpl Messina<div id=\"videoincontent\" style=\"clear:both\";><\/div><\/p>\n","protected":false},"excerpt":{"rendered":"<p>\u201cApprendiamo della stampa che sarebbe stata sospesa la convenzione con la Fondazione Giglio di Cefal\u00f9, riguardante l\u2019ospedale di Mistretta. Accogliamo questa notizia con soddisfazione perch\u00e9 evidentemente sono state colte delle criticit\u00e0, dopo la nostra denuncia alla Procura della Corte dei Conti. In riferimento alla presa di posizione di una parlamentare messinese \u2013 ricordiamo a noi [&hellip;]<\/p>\n","protected":false},"author":2,"featured_media":26234,"comment_status":"open","ping_status":"open","sticky":false,"template":"","format":"standard","meta":{"ub_ctt_via":"","_mi_skip_tracking":false},"categories":[19],"tags":[111,3461,114,115],"featured_image_src":"https:\/\/www.messinaoggi.it\/website\/wp-content\/uploads\/2018\/11\/A0C9A15D-1B89-4C38-8528-462C2896AC60.jpeg","author_info":{"display_name":"Redazione","author_link":"https:\/\/www.messinaoggi.it\/website\/author\/redazione\/"},"digistream_id":0,"digistream":false,"_links":{"self":[{"href":"https:\/\/www.messinaoggi.it\/website\/wp-json\/wp\/v2\/posts\/88635"}],"collection":[{"href":"https:\/\/www.messinaoggi.it\/website\/wp-json\/wp\/v2\/posts"}],"about":[{"href":"https:\/\/www.messinaoggi.it\/website\/wp-json\/wp\/v2\/types\/post"}],"author":[{"embeddable":true,"href":"https:\/\/www.messinaoggi.it\/website\/wp-json\/wp\/v2\/users\/2"}],"replies":[{"embeddable":true,"href":"https:\/\/www.messinaoggi.it\/website\/wp-json\/wp\/v2\/comments?post=88635"}],"version-history":[{"count":1,"href":"https:\/\/www.messinaoggi.it\/website\/wp-json\/wp\/v2\/posts\/88635\/revisions"}],"predecessor-version":[{"id":88636,"href":"https:\/\/www.messinaoggi.it\/website\/wp-json\/wp\/v2\/posts\/88635\/revisions\/88636"}],"wp:featuredmedia":[{"embeddable":true,"href":"https:\/\/www.messinaoggi.it\/website\/wp-json\/wp\/v2\/media\/26234"}],"wp:attachment":[{"href":"https:\/\/www.messinaoggi.it\/website\/wp-json\/wp\/v2\/media?parent=88635"}],"wp:term":[{"taxonomy":"category","embeddable":true,"href":"https:\/\/www.messinaoggi.it\/website\/wp-json\/wp\/v2\/categories?post=88635"},{"taxonomy":"post_tag","embeddable":true,"href":"https:\/\/www.messinaoggi.it\/website\/wp-json\/wp\/v2\/tags?post=88635"}],"curies":[{"name":"wp","href":"https:\/\/api.w.org\/{rel}","templated":true}]}}