{"id":88537,"date":"2021-11-25T12:07:40","date_gmt":"2021-11-25T11:07:40","guid":{"rendered":"https:\/\/www.messinaoggi.it\/website\/2021\/11\/25\/conad-entra-in-confcommercio-imprese-per-litalia\/"},"modified":"2021-11-25T12:07:40","modified_gmt":"2021-11-25T11:07:40","slug":"conad-entra-in-confcommercio-imprese-per-litalia","status":"publish","type":"post","link":"https:\/\/www.messinaoggi.it\/website\/2021\/11\/25\/conad-entra-in-confcommercio-imprese-per-litalia\/","title":{"rendered":"Conad entra in Confcommercio-Imprese per l\u2019Italia"},"content":{"rendered":"<div>ROMA (ITALPRESS) &#8211; Sono stati firmati a Roma i protocolli di intesa che siglano l&#8217;ingresso del Consorzio Nazionale e delle Cooperative Conad in Confcommercio-Imprese per l&#8217;Italia, la pi\u00f9 grande rappresentanza d&#8217;impresa attiva nel nostro Paese con oltre 700.000 associati.<br \/>L&#8217;accordo \u00e8 stato raggiunto nell&#8217;ambito di un accordo quadro tra ANCD (Associazione Nazionale Cooperative Dettaglianti, struttura politico-sindacale aderente a Legacoop a cui sono associate le cooperative territoriali e il Consorzio Nazionale Conad) e Confcommercio.<br \/>La firma degli accordi \u00e8 avvenuta alla presenza del presidente di Confcommercio Carlo Sangalli, del presidente di ANCD Maurizio Pelliconi e dell&#8217;amministratore delegato di Conad Francesco Pugliese, che assume la carica di vicepresidente di Confcommercio con delega alla fiscalit\u00e0 e alla finanza d&#8217;impresa.<br \/>&#8220;Siamo lieti di iniziare questo nuovo percorso insieme a Confcommercio. Il nostro ingresso segna la prosecuzione di un processo di progressiva semplificazione del sistema di rappresentanza nel nostro settore&#8221;, ha commentato Francesco Pugliese, amministratore delegato di Conad. &#8220;Questo ci permette di essere meno frammentati e pi\u00f9 uniti, di restituire maggiore forza alla rappresentanza, e di essere quindi pi\u00f9 efficaci nello sviluppo del settore del commercio. Oggi, finalmente, operatori e associazioni sono pi\u00f9 coesi perch\u00e8 gli interessi sono pi\u00f9 simili rispetto al passato. Auspichiamo che altri soggetti possano seguire la nostra scelta, rafforzando la rappresentanza della comunit\u00e0 di imprenditori e di lavoratori che serve il Paese e contribuisce alla ripresa dell&#8217;economia, generando valore aggiunto e occupazione&#8221;, ha aggiunto.<br \/>&#8220;L&#8217;entrata del Sistema Conad in Confcommercio &#8211; ha dichiarato il presidente di Confcommercio, Carlo Sangalli &#8211; \u00e8 certamente un segnale importante per diverse ragioni. La prima \u00e8 che, in un momento cos\u00ec complesso come quello che stiamo vivendo, \u00e8 decisivo stare insieme e condividere scelte strategiche comuni. La seconda \u00e8 che si rafforza il perimetro della nostra rappresentanza all&#8217;insegna del pluralismo distributivo. La terza riguarda una accresciuta capacit\u00e0 di interpretare, a tutti i livelli, politiche associative e sindacali con il contributo diretto di una realt\u00e0 leader della grande distribuzione nel nostro Paese&#8221;.<br \/>&#8220;L&#8217;ingresso del Sistema Conad in Confcommercio porter\u00e0 alla presenza di delegati di cooperativa e di soci imprenditori Conad nelle organizzazioni provinciali dell&#8217;associazione di categoria &#8211; si legge in una nota -. Conad porta in Confcommercio il proprio modello di business, fatto di 3.305 punti di vendita, 65.772 addetti, 2.390 soci imprenditori associati in cooperativa che condividono un insieme di principi e valori, tra cui la centralit\u00e0 della persona e delle sue capacit\u00e0, servendo ogni giorno le comunit\u00e0 grandi e piccole sul territorio italiano in cui operano e vivono&#8221;.<br \/>(ITALPRESS).<\/div>\n<div id=\"div-gpt-ad-Messinaoggi.it-DSK-300x250-corpoart\" style=\"text-align:center;margin:0 auto;\"><\/div><\/p><div id=\"videoincontent\" style=\"clear:both\";><\/div>","protected":false},"excerpt":{"rendered":"<p>ROMA (ITALPRESS) &#8211; Sono stati firmati a Roma i protocolli di intesa che siglano l&#8217;ingresso del Consorzio Nazionale e delle Cooperative Conad in Confcommercio-Imprese per l&#8217;Italia, la pi\u00f9 grande rappresentanza d&#8217;impresa attiva nel nostro Paese con oltre 700.000 associati.L&#8217;accordo \u00e8 stato raggiunto nell&#8217;ambito di un accordo quadro tra ANCD (Associazione Nazionale Cooperative Dettaglianti, struttura politico-sindacale [&hellip;]<\/p>\n","protected":false},"author":18,"featured_media":88538,"comment_status":"closed","ping_status":"closed","sticky":false,"template":"","format":"standard","meta":{"ub_ctt_via":"","_mi_skip_tracking":false},"categories":[446],"tags":[783],"featured_image_src":"https:\/\/www.messinaoggi.it\/website\/wp-content\/uploads\/2021\/11\/20211125_0310.jpg","author_info":{"display_name":"Admin","author_link":"https:\/\/www.messinaoggi.it\/website\/author\/admin\/"},"digistream_id":0,"digistream":false,"_links":{"self":[{"href":"https:\/\/www.messinaoggi.it\/website\/wp-json\/wp\/v2\/posts\/88537"}],"collection":[{"href":"https:\/\/www.messinaoggi.it\/website\/wp-json\/wp\/v2\/posts"}],"about":[{"href":"https:\/\/www.messinaoggi.it\/website\/wp-json\/wp\/v2\/types\/post"}],"author":[{"embeddable":true,"href":"https:\/\/www.messinaoggi.it\/website\/wp-json\/wp\/v2\/users\/18"}],"replies":[{"embeddable":true,"href":"https:\/\/www.messinaoggi.it\/website\/wp-json\/wp\/v2\/comments?post=88537"}],"version-history":[{"count":0,"href":"https:\/\/www.messinaoggi.it\/website\/wp-json\/wp\/v2\/posts\/88537\/revisions"}],"wp:featuredmedia":[{"embeddable":true,"href":"https:\/\/www.messinaoggi.it\/website\/wp-json\/wp\/v2\/media\/88538"}],"wp:attachment":[{"href":"https:\/\/www.messinaoggi.it\/website\/wp-json\/wp\/v2\/media?parent=88537"}],"wp:term":[{"taxonomy":"category","embeddable":true,"href":"https:\/\/www.messinaoggi.it\/website\/wp-json\/wp\/v2\/categories?post=88537"},{"taxonomy":"post_tag","embeddable":true,"href":"https:\/\/www.messinaoggi.it\/website\/wp-json\/wp\/v2\/tags?post=88537"}],"curies":[{"name":"wp","href":"https:\/\/api.w.org\/{rel}","templated":true}]}}