{"id":88487,"date":"2021-11-24T21:07:33","date_gmt":"2021-11-24T20:07:33","guid":{"rendered":"https:\/\/www.messinaoggi.it\/website\/2021\/11\/24\/green-pass-draghi-presi-provvedimenti-per-preservare-normalita\/"},"modified":"2021-11-24T21:07:33","modified_gmt":"2021-11-24T20:07:33","slug":"green-pass-draghi-presi-provvedimenti-per-preservare-normalita","status":"publish","type":"post","link":"https:\/\/www.messinaoggi.it\/website\/2021\/11\/24\/green-pass-draghi-presi-provvedimenti-per-preservare-normalita\/","title":{"rendered":"Green pass, Draghi \u201cPresi provvedimenti per preservare normalit\u00e0\u201d"},"content":{"rendered":"<div>ROMA (ITALPRESS) &#8211; &#8220;Abbiamo tenuto presente quello che dicono i governatori delle Regioni, con cui c&#8217;\u00e8 stata un&#8217;interlocuzione molto proficua. Quello che dicono questi provvedimenti \u00e8 che vogliamo prevenire per preservare, conservare. Vogliamo essere molto prudenti per evitare i rischi e riuscire a conservare quello che gli italiani sono riusciti a conquistarsi nel corso di quest&#8217;anno&#8221;. Cos\u00ec il premier Mario Draghi in conferenza stampa. &#8220;I nostri ricordi vanno immediatamente agli oltre 130.000 morti, alla caduta economica dell&#8217;8-9% che non ha eguali nell&#8217;UE, vanno ai negozi, ristoranti, bar chiusi, ai ragazzi che hanno fatto un anno di scuola in assenza. Soprattutto i ricordi della povert\u00e0, di come \u00e8 cresciuta in quest&#8217;anno&#8221;, ha spiegato Draghi. <br \/>&#8220;Gli italiani hanno reagito, l&#8217;attivit\u00e0 economica cresce pi\u00f9 del 6%. Abbiamo ricominciato a essere normali. E&#8217; questo lo spirito dei provvedimenti: conservare questa normalit\u00e0, non vogliamo rischi, guardando al desiderio di voler continuare a essere aperti, andare in giro, a divertirsi, ad acquistare, a combattere la povert\u00e0, ad avere i ragazzi a scuola. Questa \u00e8 la prospettiva che giustifica questi provvedimenti&#8221;, ha aggiunto. Il premier ha poi sottolineato come &#8220;nel Cdm le diversit\u00e0 di posizioni sono sparite, le decisioni sono state unanime. Proprio per ricucire la contrapposizione tra chi si \u00e8 vaccinato e chi no, \u00e8 importante che il governo sia compatto, che non ci siano cedimenti o posizioni diverse come purtroppo visto in altri momenti della storia italiana. Spesso la mancanza di compattezza viene usata come scusa per l&#8217;evasione dall&#8217;obbligo, l&#8217;evasione sembra quasi giustificare persone che non la pensano come altri&#8221;.<br \/>Sulla possibilit\u00e0 di prorogare lo stato di emergenza, Draghi ha detto: &#8220;Valuteremo a fine anno. Ma la domanda che dobbiamo porci \u00e8: a noi cosa interessa? Prorogare lo stato di emergenza o avere a disposizione tutta la struttura sanitaria, sociale, che finora ci ha permesso di affrontare l&#8217;epidemia? Per me la risposta \u00e8 la seconda. La strada di buon senso \u00e8 chiedersi se \u00e8 possibile mantenere questa struttura anche se non c&#8217;\u00e8 lo stato di emergenza, ma non so se \u00e8 possibile, lo vedremo&#8221;.<br \/>(ITALPRESS).<\/div>\n<div id=\"div-gpt-ad-Messinaoggi.it-DSK-300x250-corpoart\" style=\"text-align:center;margin:0 auto;\"><\/div><\/p><div id=\"videoincontent\" style=\"clear:both\";><\/div>","protected":false},"excerpt":{"rendered":"<p>ROMA (ITALPRESS) &#8211; &#8220;Abbiamo tenuto presente quello che dicono i governatori delle Regioni, con cui c&#8217;\u00e8 stata un&#8217;interlocuzione molto proficua. Quello che dicono questi provvedimenti \u00e8 che vogliamo prevenire per preservare, conservare. Vogliamo essere molto prudenti per evitare i rischi e riuscire a conservare quello che gli italiani sono riusciti a conquistarsi nel corso di [&hellip;]<\/p>\n","protected":false},"author":18,"featured_media":88488,"comment_status":"closed","ping_status":"closed","sticky":false,"template":"","format":"standard","meta":{"ub_ctt_via":"","_mi_skip_tracking":false},"categories":[446],"tags":[783],"featured_image_src":"https:\/\/www.messinaoggi.it\/website\/wp-content\/uploads\/2021\/11\/20211124_2322.jpg","author_info":{"display_name":"Admin","author_link":"https:\/\/www.messinaoggi.it\/website\/author\/admin\/"},"digistream_id":0,"digistream":false,"_links":{"self":[{"href":"https:\/\/www.messinaoggi.it\/website\/wp-json\/wp\/v2\/posts\/88487"}],"collection":[{"href":"https:\/\/www.messinaoggi.it\/website\/wp-json\/wp\/v2\/posts"}],"about":[{"href":"https:\/\/www.messinaoggi.it\/website\/wp-json\/wp\/v2\/types\/post"}],"author":[{"embeddable":true,"href":"https:\/\/www.messinaoggi.it\/website\/wp-json\/wp\/v2\/users\/18"}],"replies":[{"embeddable":true,"href":"https:\/\/www.messinaoggi.it\/website\/wp-json\/wp\/v2\/comments?post=88487"}],"version-history":[{"count":0,"href":"https:\/\/www.messinaoggi.it\/website\/wp-json\/wp\/v2\/posts\/88487\/revisions"}],"wp:featuredmedia":[{"embeddable":true,"href":"https:\/\/www.messinaoggi.it\/website\/wp-json\/wp\/v2\/media\/88488"}],"wp:attachment":[{"href":"https:\/\/www.messinaoggi.it\/website\/wp-json\/wp\/v2\/media?parent=88487"}],"wp:term":[{"taxonomy":"category","embeddable":true,"href":"https:\/\/www.messinaoggi.it\/website\/wp-json\/wp\/v2\/categories?post=88487"},{"taxonomy":"post_tag","embeddable":true,"href":"https:\/\/www.messinaoggi.it\/website\/wp-json\/wp\/v2\/tags?post=88487"}],"curies":[{"name":"wp","href":"https:\/\/api.w.org\/{rel}","templated":true}]}}