{"id":88430,"date":"2021-11-24T15:07:36","date_gmt":"2021-11-24T14:07:36","guid":{"rendered":"https:\/\/www.messinaoggi.it\/website\/2021\/11\/24\/mourinho-avverte-la-roma-con-lo-zorya-come-una-finale\/"},"modified":"2021-11-24T15:07:36","modified_gmt":"2021-11-24T14:07:36","slug":"mourinho-avverte-la-roma-con-lo-zorya-come-una-finale","status":"publish","type":"post","link":"https:\/\/www.messinaoggi.it\/website\/2021\/11\/24\/mourinho-avverte-la-roma-con-lo-zorya-come-una-finale\/","title":{"rendered":"Mourinho avverte la Roma \u201cCon lo Zorya come una finale\u201d"},"content":{"rendered":"<div>ROMA (ITALPRESS) &#8211; &#8220;Se vinciamo stiamo dentro, se perdiamo stiamo fuori, \u00e8 come una finale. Un pareggio lascia tutto aperto e nelle nostre mani. Sar\u00e0 molto duro andare avanti per tanti mesi sia in Serie A che in Conference League ma \u00e8 un problema che vogliamo avere&#8221;. L&#8217;allenatore della Roma, Jos\u00e8 Mourinho, presenta cos\u00ec la partita dell&#8217;Olimpico di Conference League contro lo Zorya. Il tecnico portoghese mette in guardia i suoi: &#8220;Lo Zorya non \u00e8 sconosciuto. Abbiamo visto tutte le partite di campionato e di Conference League, serve il rispetto dell&#8217;avversario&#8221;. All&#8217;Olimpico torner\u00e0 Zaniolo dal primo minuto: &#8220;Non mi aspetto niente di particolare da lui come singolo, mi aspetto molto dalla squadra. A Genova non \u00e8 sceso in campo, ma per il modo in cui ha esultato al gol di Felix \u00e8 come se avesse giocato&#8221;. Anche Abraham sar\u00e0 titolare: &#8220;Sono contento del suo rendimento, pu\u00f2 segnare di pi\u00f9 ma lavora tanto per la squadra in fase di costruzione delle occasioni. Tammy non \u00e8 un problema&#8221;. Tornano in gruppo Vina e Calafiori: &#8220;Si sono allenati con la squadra, ho la riunione con lo staff medico e decideremo se sono convocabili, come ho fatto per Smalling a Genova&#8221;, chiosa lo Special One.<br \/>(ITALPRESS).<\/div>\n<div id=\"div-gpt-ad-Messinaoggi.it-DSK-300x250-corpoart\" style=\"text-align:center;margin:0 auto;\"><\/div><\/p><div id=\"videoincontent\" style=\"clear:both\";><\/div>","protected":false},"excerpt":{"rendered":"<p>ROMA (ITALPRESS) &#8211; &#8220;Se vinciamo stiamo dentro, se perdiamo stiamo fuori, \u00e8 come una finale. Un pareggio lascia tutto aperto e nelle nostre mani. Sar\u00e0 molto duro andare avanti per tanti mesi sia in Serie A che in Conference League ma \u00e8 un problema che vogliamo avere&#8221;. L&#8217;allenatore della Roma, Jos\u00e8 Mourinho, presenta cos\u00ec la [&hellip;]<\/p>\n","protected":false},"author":18,"featured_media":88431,"comment_status":"closed","ping_status":"closed","sticky":false,"template":"","format":"standard","meta":{"ub_ctt_via":"","_mi_skip_tracking":false},"categories":[446],"tags":[783],"featured_image_src":"https:\/\/www.messinaoggi.it\/website\/wp-content\/uploads\/2021\/11\/20211124_0934.jpg","author_info":{"display_name":"Admin","author_link":"https:\/\/www.messinaoggi.it\/website\/author\/admin\/"},"digistream_id":0,"digistream":false,"_links":{"self":[{"href":"https:\/\/www.messinaoggi.it\/website\/wp-json\/wp\/v2\/posts\/88430"}],"collection":[{"href":"https:\/\/www.messinaoggi.it\/website\/wp-json\/wp\/v2\/posts"}],"about":[{"href":"https:\/\/www.messinaoggi.it\/website\/wp-json\/wp\/v2\/types\/post"}],"author":[{"embeddable":true,"href":"https:\/\/www.messinaoggi.it\/website\/wp-json\/wp\/v2\/users\/18"}],"replies":[{"embeddable":true,"href":"https:\/\/www.messinaoggi.it\/website\/wp-json\/wp\/v2\/comments?post=88430"}],"version-history":[{"count":0,"href":"https:\/\/www.messinaoggi.it\/website\/wp-json\/wp\/v2\/posts\/88430\/revisions"}],"wp:featuredmedia":[{"embeddable":true,"href":"https:\/\/www.messinaoggi.it\/website\/wp-json\/wp\/v2\/media\/88431"}],"wp:attachment":[{"href":"https:\/\/www.messinaoggi.it\/website\/wp-json\/wp\/v2\/media?parent=88430"}],"wp:term":[{"taxonomy":"category","embeddable":true,"href":"https:\/\/www.messinaoggi.it\/website\/wp-json\/wp\/v2\/categories?post=88430"},{"taxonomy":"post_tag","embeddable":true,"href":"https:\/\/www.messinaoggi.it\/website\/wp-json\/wp\/v2\/tags?post=88430"}],"curies":[{"name":"wp","href":"https:\/\/api.w.org\/{rel}","templated":true}]}}