{"id":88417,"date":"2021-11-24T14:07:39","date_gmt":"2021-11-24T13:07:39","guid":{"rendered":"https:\/\/www.messinaoggi.it\/website\/2021\/11\/24\/sarri-spera-nel-recupero-di-immobile-e-leiva-stanno-meglio\/"},"modified":"2021-11-24T14:07:39","modified_gmt":"2021-11-24T13:07:39","slug":"sarri-spera-nel-recupero-di-immobile-e-leiva-stanno-meglio","status":"publish","type":"post","link":"https:\/\/www.messinaoggi.it\/website\/2021\/11\/24\/sarri-spera-nel-recupero-di-immobile-e-leiva-stanno-meglio\/","title":{"rendered":"Sarri spera nel recupero di Immobile e Leiva \u201cStanno meglio\u201d"},"content":{"rendered":"<div>ROMA (ITALPRESS) &#8211; &#8220;Immobile sta bene, ha fatto il primo e il secondo allenamento senza sentire dolore ma avvertiva sensazioni diverse da un polpaccio all&#8217;altro. Ora anche questa sensazione \u00e8 scomparsa, ma recentemente si \u00e8 allenato pochissimo&#8221;. Lo ha detto l&#8217;allenatore della Lazio, Maurizio Sarri nella conferenza stampa della vigilia del match contro la Lokomotiv Mosca in Europa League. L&#8217;attaccante biancoceleste \u00e8 in dubbio, mentre \u00e8 da valutare Lucas Leiva, che nelle ultime partite \u00e8 stato scalzato nelle gerarchie da Cataldi: &#8220;Leiva sta meglio, rispetto a 20 giorni fa lo sto vedendo meglio. Anche lui si sente pi\u00f9 brillante&#8221;, ha detto l&#8217;ex mister di Napoli e Juventus.<br \/>&#8220;Dopo il cambio allenatore, la Lokomotiv \u00e8 diversa e sta facendo prestazioni superiori &#8211; ha proseguito il coach toscano &#8211; Ci sono le premesse per una partita difficile. Sar\u00e0 una gara aperta perch\u00e8 abbiamo bisogno di punti. Dobbiamo disinteressarci di tutto il resto, pensiamo partita dopo partita. Dopo 72 ore dovremo giocare a Napoli in trasferta e non dobbiamo pensarci&#8221;. &#8220;L&#8217;Europa League \u00e8 una problematica, ma lo \u00e8 per tutte, per colpa degli orari e della distanza, visto anche il calendario di Serie A. Per quanto riguarda la fatica dei calciatori, bisogna considerare il minutaggio globale, includendo anche le nazionali &#8211; ha concluso Sarri &#8211; Il problema \u00e8 globale, un&#8217;Europa fatta cos\u00ec porta ad un deterioramento dei giocatori e dei campionati. Mi meraviglio che l&#8217;associazione calciatori stia zitta, lotta per una settimana in pi\u00f9 di vacanze a Natale ma non lo fa per ridurre le partite in calendario&#8221;.<br \/>(ITALPRESS).<\/div>\n<div id=\"div-gpt-ad-Messinaoggi.it-DSK-300x250-corpoart\" style=\"text-align:center;margin:0 auto;\"><\/div><\/p><div id=\"videoincontent\" style=\"clear:both\";><\/div>","protected":false},"excerpt":{"rendered":"<p>ROMA (ITALPRESS) &#8211; &#8220;Immobile sta bene, ha fatto il primo e il secondo allenamento senza sentire dolore ma avvertiva sensazioni diverse da un polpaccio all&#8217;altro. Ora anche questa sensazione \u00e8 scomparsa, ma recentemente si \u00e8 allenato pochissimo&#8221;. Lo ha detto l&#8217;allenatore della Lazio, Maurizio Sarri nella conferenza stampa della vigilia del match contro la Lokomotiv [&hellip;]<\/p>\n","protected":false},"author":18,"featured_media":88418,"comment_status":"closed","ping_status":"closed","sticky":false,"template":"","format":"standard","meta":{"ub_ctt_via":"","_mi_skip_tracking":false},"categories":[446],"tags":[783],"featured_image_src":"https:\/\/www.messinaoggi.it\/website\/wp-content\/uploads\/2021\/11\/20211124_0689.jpg","author_info":{"display_name":"Admin","author_link":"https:\/\/www.messinaoggi.it\/website\/author\/admin\/"},"digistream_id":0,"digistream":false,"_links":{"self":[{"href":"https:\/\/www.messinaoggi.it\/website\/wp-json\/wp\/v2\/posts\/88417"}],"collection":[{"href":"https:\/\/www.messinaoggi.it\/website\/wp-json\/wp\/v2\/posts"}],"about":[{"href":"https:\/\/www.messinaoggi.it\/website\/wp-json\/wp\/v2\/types\/post"}],"author":[{"embeddable":true,"href":"https:\/\/www.messinaoggi.it\/website\/wp-json\/wp\/v2\/users\/18"}],"replies":[{"embeddable":true,"href":"https:\/\/www.messinaoggi.it\/website\/wp-json\/wp\/v2\/comments?post=88417"}],"version-history":[{"count":0,"href":"https:\/\/www.messinaoggi.it\/website\/wp-json\/wp\/v2\/posts\/88417\/revisions"}],"wp:featuredmedia":[{"embeddable":true,"href":"https:\/\/www.messinaoggi.it\/website\/wp-json\/wp\/v2\/media\/88418"}],"wp:attachment":[{"href":"https:\/\/www.messinaoggi.it\/website\/wp-json\/wp\/v2\/media?parent=88417"}],"wp:term":[{"taxonomy":"category","embeddable":true,"href":"https:\/\/www.messinaoggi.it\/website\/wp-json\/wp\/v2\/categories?post=88417"},{"taxonomy":"post_tag","embeddable":true,"href":"https:\/\/www.messinaoggi.it\/website\/wp-json\/wp\/v2\/tags?post=88417"}],"curies":[{"name":"wp","href":"https:\/\/api.w.org\/{rel}","templated":true}]}}