{"id":88413,"date":"2021-11-24T13:07:39","date_gmt":"2021-11-24T12:07:39","guid":{"rendered":"https:\/\/www.messinaoggi.it\/website\/2021\/11\/24\/agroalimentare-collaborazione-lombardia-ersaf-e-cervim-su-vini-montani\/"},"modified":"2021-11-24T13:07:39","modified_gmt":"2021-11-24T12:07:39","slug":"agroalimentare-collaborazione-lombardia-ersaf-e-cervim-su-vini-montani","status":"publish","type":"post","link":"https:\/\/www.messinaoggi.it\/website\/2021\/11\/24\/agroalimentare-collaborazione-lombardia-ersaf-e-cervim-su-vini-montani\/","title":{"rendered":"Agroalimentare, collaborazione Lombardia, Ersaf e Cervim su vini montani"},"content":{"rendered":"<div>MILANO (ITALPRESS) &#8211; In vista delle Olimpiadi invernali Milano Cortina 2026, Regione Lombardia, Ersaf e Cervim portano avanti una collaborazione per valorizzare la qualit\u00e0 dei vini montani e promuovere la viticoltura eroica (forti pendenze e terrazzamenti, ndr) che caratterizza, in particolare, il territorio che ospiter\u00e0 parte delle gare sportive. &#8220;Fare agricoltura in alta quota &#8211; ha detto Fabio Rolfi, assessore all&#8217;Agricoltura, Alimentazione e Sistemi verdi di Regione Lombardia &#8211; \u00e8 davvero un&#8217;attivit\u00e0 eroica. Per questo la Regione vuole contribuire a promuovere i vini di montagna, con risorse e con iniziative legate al marketing territoriale. Le Olimpiadi del 2026 sono una vetrina unica per i nostri prodotti e vogliamo sfruttare al massimo l&#8217;attenzione portata da questo grande evento per fare in mondo che l&#8217;enogastronomia diventi per queste zone sempre pi\u00f9 vettore turistico e di narrazione ambientale. Il settore primario, con la viticoltura in primo piano, qui contribuisce a prevenire il dissesto idrogeologico e rappresenta un presidio ambientale e sociale contro lo spopolamento perch\u00e8 consente di creare occupazione ed economia. Ci poniamo l&#8217;obiettivo di organizzare in Valtellina nel 2026 i mondiali dei vini eroici&#8221;.<br \/>&#8220;L&#8217;iniziativa di oggi arriva dopo un lungo periodo di collaborazione con il Cervim che si \u00e8 sviluppato in questi anni&#8221;, spiega Alessandro Fede Pellone presidente di Ersaf. &#8221; Del resto, Regione Lombardia ha riservato particolarissima attenzione al vino eroico: quel prodotto che nasce sopra i 500 metri di altitudine e che \u00e8 una vera e propria eccellenza per tutte le regioni dell&#8217;arco alpino e ne sostiene la produzione. Le Olimpiadi invernali Milano &#8211; Cortina del 2026 sono un perfetto trampolino di lancio per rendere riconoscibile questo marchio di &#8216;vino di montagn\u00e0 in tutto il mondo&#8221;., ha concluso il presidente Ersaf. &#8220;La collaborazione di oggi con Regione Lombardia e ERSAF &#8211; sottolinea Stefano Celi, presidente Cervim &#8211; rappresenta un momento importante e di ulteriore crescita per il Cervim, andando a rafforzare ulteriormente la collaborazione con la Lombardia, che da alcuni anni sta dando risultati concreti per il rafforzamento e per la diffusione della viticoltura eroica. L&#8217;appuntamento prestigioso delle Olimpiadi invernali Milano Cortina 2026 sar\u00e0 accompagnato da una serie di tappe di avvicinamento che avranno il compito di tenere sempre alta l&#8217;attenzione, anche mediatica, sulla viticoltura eroica. Ad iniziare proprio nel 2022 che sar\u00e0 un anno da ricordare per il Cervim: ricorre infatti il 35esimo anno del nostro Ente e sar\u00e0 l&#8217;anno della 30esima edizione del Mondial des Vins Extr\u00e8mes, l&#8217;unica manifestazione enologica mondiale interamente dedicata ai vini prodotti in zone caratterizzate da viticolture eroiche. Nel mese di maggio (dal 12 al 14 maggio 2022 a Vila Real &#8211; Portogallo) si svolger\u00e0 il settimo Congresso Internazionale sulla Viticoltura di Montagna e in Forte Pendenza, un momento di confronto molto atteso e rimandato di un anno per emergenza Covid&#8221;.<br \/>(ITALPRESS).<\/div>\n<div id=\"div-gpt-ad-Messinaoggi.it-DSK-300x250-corpoart\" style=\"text-align:center;margin:0 auto;\"><\/div><\/p><div id=\"videoincontent\" style=\"clear:both\";><\/div>","protected":false},"excerpt":{"rendered":"<p>MILANO (ITALPRESS) &#8211; In vista delle Olimpiadi invernali Milano Cortina 2026, Regione Lombardia, Ersaf e Cervim portano avanti una collaborazione per valorizzare la qualit\u00e0 dei vini montani e promuovere la viticoltura eroica (forti pendenze e terrazzamenti, ndr) che caratterizza, in particolare, il territorio che ospiter\u00e0 parte delle gare sportive. &#8220;Fare agricoltura in alta quota &#8211; [&hellip;]<\/p>\n","protected":false},"author":18,"featured_media":88414,"comment_status":"closed","ping_status":"closed","sticky":false,"template":"","format":"standard","meta":{"ub_ctt_via":"","_mi_skip_tracking":false},"categories":[446],"tags":[783],"featured_image_src":"https:\/\/www.messinaoggi.it\/website\/wp-content\/uploads\/2021\/11\/20211124_0452.jpg","author_info":{"display_name":"Admin","author_link":"https:\/\/www.messinaoggi.it\/website\/author\/admin\/"},"digistream_id":0,"digistream":false,"_links":{"self":[{"href":"https:\/\/www.messinaoggi.it\/website\/wp-json\/wp\/v2\/posts\/88413"}],"collection":[{"href":"https:\/\/www.messinaoggi.it\/website\/wp-json\/wp\/v2\/posts"}],"about":[{"href":"https:\/\/www.messinaoggi.it\/website\/wp-json\/wp\/v2\/types\/post"}],"author":[{"embeddable":true,"href":"https:\/\/www.messinaoggi.it\/website\/wp-json\/wp\/v2\/users\/18"}],"replies":[{"embeddable":true,"href":"https:\/\/www.messinaoggi.it\/website\/wp-json\/wp\/v2\/comments?post=88413"}],"version-history":[{"count":0,"href":"https:\/\/www.messinaoggi.it\/website\/wp-json\/wp\/v2\/posts\/88413\/revisions"}],"wp:featuredmedia":[{"embeddable":true,"href":"https:\/\/www.messinaoggi.it\/website\/wp-json\/wp\/v2\/media\/88414"}],"wp:attachment":[{"href":"https:\/\/www.messinaoggi.it\/website\/wp-json\/wp\/v2\/media?parent=88413"}],"wp:term":[{"taxonomy":"category","embeddable":true,"href":"https:\/\/www.messinaoggi.it\/website\/wp-json\/wp\/v2\/categories?post=88413"},{"taxonomy":"post_tag","embeddable":true,"href":"https:\/\/www.messinaoggi.it\/website\/wp-json\/wp\/v2\/tags?post=88413"}],"curies":[{"name":"wp","href":"https:\/\/api.w.org\/{rel}","templated":true}]}}