{"id":88409,"date":"2021-11-24T13:07:36","date_gmt":"2021-11-24T12:07:36","guid":{"rendered":"https:\/\/www.messinaoggi.it\/website\/2021\/11\/24\/covid-il-47-degli-italiani-teme-un-nuovo-natale-con-restrizioni\/"},"modified":"2021-11-24T13:07:36","modified_gmt":"2021-11-24T12:07:36","slug":"covid-il-47-degli-italiani-teme-un-nuovo-natale-con-restrizioni","status":"publish","type":"post","link":"https:\/\/www.messinaoggi.it\/website\/2021\/11\/24\/covid-il-47-degli-italiani-teme-un-nuovo-natale-con-restrizioni\/","title":{"rendered":"Covid, il 47% degli italiani teme un nuovo Natale con restrizioni"},"content":{"rendered":"<div>ROMA (ITALPRESS) &#8211; Manca un mese al Natale e, anche quest&#8217;anno, ci troviamo ad affrontare un aumento dei casi positivi al Covid19 e una nuova ondata di contagi. Con queste premesse, quasi la met\u00e0 degli italiani (il 47,5%) teme un nuovo Natale con restrizioni, cos\u00ec come successo per quello del 2020. Tra i pi\u00f9 convinti dell&#8217;arrivo di nuove limitazioni c&#8217;\u00e8 la parte di popolazione non vaccinata, ritenuta, in molti casi, la fonte principale della diffusione dei contagi. Incertezze che si riflettono anche sulle spesa delle famiglie&#8230;Il campione, infatti, si divide tra chi crede ci sar\u00e0 un aumento dei consumi per il periodo natalizio e chi, invece, prevede una diminuzione o, al limite, un livello invariato rispetto allo scorso anno. Quello che invece appare certo per 3 italiani su 4 \u00e8 che i prezzi di beni e servizi in vista del Natale stanno subendo un notevole aumento, in corso gi\u00e0 da qualche settimana. <br \/>Dati Euromedia Research &#8211; Realizzato il 17\/11\/2021 con metodologia mista CATI\/CAWI su un campione di 800 casi rappresentativi della popolazione italiana maggiorenne<br \/>(ITALPRESS).<\/div>\n<div id=\"div-gpt-ad-Messinaoggi.it-DSK-300x250-corpoart\" style=\"text-align:center;margin:0 auto;\"><\/div><\/p><div id=\"videoincontent\" style=\"clear:both\";><\/div>","protected":false},"excerpt":{"rendered":"<p>ROMA (ITALPRESS) &#8211; Manca un mese al Natale e, anche quest&#8217;anno, ci troviamo ad affrontare un aumento dei casi positivi al Covid19 e una nuova ondata di contagi. Con queste premesse, quasi la met\u00e0 degli italiani (il 47,5%) teme un nuovo Natale con restrizioni, cos\u00ec come successo per quello del 2020. Tra i pi\u00f9 convinti [&hellip;]<\/p>\n","protected":false},"author":18,"featured_media":88410,"comment_status":"closed","ping_status":"closed","sticky":false,"template":"","format":"standard","meta":{"ub_ctt_via":"","_mi_skip_tracking":false},"categories":[446],"tags":[783],"featured_image_src":"https:\/\/www.messinaoggi.it\/website\/wp-content\/uploads\/2021\/11\/20211124_0363.jpg","author_info":{"display_name":"Admin","author_link":"https:\/\/www.messinaoggi.it\/website\/author\/admin\/"},"digistream_id":0,"digistream":false,"_links":{"self":[{"href":"https:\/\/www.messinaoggi.it\/website\/wp-json\/wp\/v2\/posts\/88409"}],"collection":[{"href":"https:\/\/www.messinaoggi.it\/website\/wp-json\/wp\/v2\/posts"}],"about":[{"href":"https:\/\/www.messinaoggi.it\/website\/wp-json\/wp\/v2\/types\/post"}],"author":[{"embeddable":true,"href":"https:\/\/www.messinaoggi.it\/website\/wp-json\/wp\/v2\/users\/18"}],"replies":[{"embeddable":true,"href":"https:\/\/www.messinaoggi.it\/website\/wp-json\/wp\/v2\/comments?post=88409"}],"version-history":[{"count":0,"href":"https:\/\/www.messinaoggi.it\/website\/wp-json\/wp\/v2\/posts\/88409\/revisions"}],"wp:featuredmedia":[{"embeddable":true,"href":"https:\/\/www.messinaoggi.it\/website\/wp-json\/wp\/v2\/media\/88410"}],"wp:attachment":[{"href":"https:\/\/www.messinaoggi.it\/website\/wp-json\/wp\/v2\/media?parent=88409"}],"wp:term":[{"taxonomy":"category","embeddable":true,"href":"https:\/\/www.messinaoggi.it\/website\/wp-json\/wp\/v2\/categories?post=88409"},{"taxonomy":"post_tag","embeddable":true,"href":"https:\/\/www.messinaoggi.it\/website\/wp-json\/wp\/v2\/tags?post=88409"}],"curies":[{"name":"wp","href":"https:\/\/api.w.org\/{rel}","templated":true}]}}