{"id":88403,"date":"2021-11-24T09:47:38","date_gmt":"2021-11-24T08:47:38","guid":{"rendered":"https:\/\/www.messinaoggi.it\/website\/2021\/11\/24\/covid-musumeci-l80-dei-ricoverati-in-sicilia-non-sono-vaccinati\/"},"modified":"2021-11-24T09:47:38","modified_gmt":"2021-11-24T08:47:38","slug":"covid-musumeci-l80-dei-ricoverati-in-sicilia-non-sono-vaccinati","status":"publish","type":"post","link":"https:\/\/www.messinaoggi.it\/website\/2021\/11\/24\/covid-musumeci-l80-dei-ricoverati-in-sicilia-non-sono-vaccinati\/","title":{"rendered":"Covid, Musumeci \u201cL\u201980% dei ricoverati in Sicilia non sono vaccinati\u201d"},"content":{"rendered":"<div>\n<p>PALERMO (ITALPRESS) \u2013 \u201cIn Sicilia ci sono 382 ricoverati, di questi l\u201980% non ha fatto il vaccino, i numeri parlano chiaro. Finch\u00e8 non faremo passi avanti, il vaccino, piaccia o non piaccia, \u00e8 l\u2019unico deterrente, anche con tre, quattro o cinque dosi, che ci concede il diritto di non andare al cimitero\u201d. Lo ha detto il presidente della Regione Sicilia, Nello Musumeci, a Omnibus su La7 riportando i dati aggiornati sull\u2019isola e ribadendo l\u2019importanza della vaccinazione: \u201cSiamo convinti che il vaccino rimanga l\u2019unico rimedio, non per tirarci fuori, ma per continuare a vivere \u2013 ha aggiunto il governatore siciliano \u2013 Sono d\u2019accordo con i dubbi dell\u2019uomo della strada, nessuno ha certezze assolute perch\u00e8 nessuno ha avuto esperienze con una calamit\u00e0 sanitaria di dimensioni catastrofiche. Tutto quello che non sapeva fare la scienza lo ha imparato, ma anche noi governatori diventati soggetti attuatori della lotta contro il Covid. Nessuno di noi ha un attestato particolare, abbiamo dovuto inventare una strategia\u201d. Il Presidente della Regione Siciliana, quindi, sul tema di un inasprimento delle regole sul green pass e di un possibile obbligo vaccinale, ha detto: \u201cIn alcuni particolari casi lo Stato ha il diritto-dovere di sospendere momentaneamente alcune libert\u00e0 individuali se l\u2019adozione di questo drastico e temporaneo provvedimento pu\u00f2 salvaguardare gli interessi generali\u201d. \u201cNon \u00e8 una questione di destra o sinistra, con tutti i governatori dopo tanti mesi di vana campagna di persuasione siamo d\u2019accordo \u2013 afferma Musumeci -. Eviterei di burocratizzare a destra o a sinistra, \u00e8 una battaglia di civilt\u00e0, di diritti e di doveri, lo stato \u00e8 il grande padre di famiglia e ha il dovere di tutelare propria comunit\u00e0 \u2013 ha aggiunto il governatore siciliano \u2013 C\u2019\u00e8 uno zoccolo duro irriducibile di oltre 7 milioni di italiani, in questa fascia c\u2019\u00e8 una larga parte di cittadini che hanno bisogno ancora di convincersi, \u00e8 probabile che una misura ulteriormente pi\u00f9 restrittiva possa convincere i pi\u00f9 refrattari\u201d.<br \/>(ITALPRESS).<div id=\"div-gpt-ad-Messinaoggi.it-DSK-300x250-corpoart\" style=\"text-align:center;margin:0 auto;\"><\/div><\/p>\n<\/div>\n<div id=\"videoincontent\" style=\"clear:both\";><\/div>","protected":false},"excerpt":{"rendered":"<p>PALERMO (ITALPRESS) \u2013 \u201cIn Sicilia ci sono 382 ricoverati, di questi l\u201980% non ha fatto il vaccino, i numeri parlano chiaro. Finch\u00e8 non faremo passi avanti, il vaccino, piaccia o non piaccia, \u00e8 l\u2019unico deterrente, anche con tre, quattro o cinque dosi, che ci concede il diritto di non andare al cimitero\u201d. Lo ha detto [&hellip;]<\/p>\n","protected":false},"author":18,"featured_media":88404,"comment_status":"closed","ping_status":"closed","sticky":false,"template":"","format":"standard","meta":{"ub_ctt_via":"","_mi_skip_tracking":false},"categories":[2449],"tags":[783],"featured_image_src":"https:\/\/www.messinaoggi.it\/website\/wp-content\/uploads\/2021\/11\/20211124_0148.jpg","author_info":{"display_name":"Admin","author_link":"https:\/\/www.messinaoggi.it\/website\/author\/admin\/"},"digistream_id":0,"digistream":false,"_links":{"self":[{"href":"https:\/\/www.messinaoggi.it\/website\/wp-json\/wp\/v2\/posts\/88403"}],"collection":[{"href":"https:\/\/www.messinaoggi.it\/website\/wp-json\/wp\/v2\/posts"}],"about":[{"href":"https:\/\/www.messinaoggi.it\/website\/wp-json\/wp\/v2\/types\/post"}],"author":[{"embeddable":true,"href":"https:\/\/www.messinaoggi.it\/website\/wp-json\/wp\/v2\/users\/18"}],"replies":[{"embeddable":true,"href":"https:\/\/www.messinaoggi.it\/website\/wp-json\/wp\/v2\/comments?post=88403"}],"version-history":[{"count":0,"href":"https:\/\/www.messinaoggi.it\/website\/wp-json\/wp\/v2\/posts\/88403\/revisions"}],"wp:featuredmedia":[{"embeddable":true,"href":"https:\/\/www.messinaoggi.it\/website\/wp-json\/wp\/v2\/media\/88404"}],"wp:attachment":[{"href":"https:\/\/www.messinaoggi.it\/website\/wp-json\/wp\/v2\/media?parent=88403"}],"wp:term":[{"taxonomy":"category","embeddable":true,"href":"https:\/\/www.messinaoggi.it\/website\/wp-json\/wp\/v2\/categories?post=88403"},{"taxonomy":"post_tag","embeddable":true,"href":"https:\/\/www.messinaoggi.it\/website\/wp-json\/wp\/v2\/tags?post=88403"}],"curies":[{"name":"wp","href":"https:\/\/api.w.org\/{rel}","templated":true}]}}