{"id":88399,"date":"2021-11-24T09:18:36","date_gmt":"2021-11-24T08:18:36","guid":{"rendered":"http:\/\/www.messinaoggi.it\/website\/?p=88399"},"modified":"2021-11-24T09:18:44","modified_gmt":"2021-11-24T08:18:44","slug":"emergenza-abitativa-gioveni-famiglie-con-minori-ancora-in-attesa-di-una-casa-intervenga-il-garante-dellinfanzia","status":"publish","type":"post","link":"https:\/\/www.messinaoggi.it\/website\/2021\/11\/24\/emergenza-abitativa-gioveni-famiglie-con-minori-ancora-in-attesa-di-una-casa-intervenga-il-garante-dellinfanzia\/","title":{"rendered":"Emergenza abitativa, Gioveni: \u201cFamiglie con minori ancora in attesa di una casa, intervenga il Garante dell\u2019infanzia\u201d"},"content":{"rendered":"\n<p>Il capogruppo di Fratelli d\u2019Italia, Libero Gioveni, chiede l\u2019intervento del Garante per i diritti dell&#8217;infanzia e dell&#8217;adolescenza, Fabio Costantino, per affrontare quanto prima l\u2019emergenza abitativa che interessa 25 famiglie, la maggior parte delle quali con minori a carico. Le famiglie in questione, infatti, nonostante da pi\u00f9 di due anni siano inserite a pieno titolo nella graduatoria per l\u2019emergenza abitativa, ancora aspettano l\u2019assegnazione di un alloggio popolare.<div id=\"div-gpt-ad-Messinaoggi.it-DSK-300x250-corpoart\" style=\"text-align:center;margin:0 auto;\"><\/div><\/p>\n\n\n\n<p>\u201cAppare superfluo rimarcarle, &#8211; si legge nella richiesta al Garante dell\u2019infanzia &#8211; da profondo conoscitore qual \u00e8 delle problematiche e delle diverse emergenze che colpiscono la popolazione messinese, quanto sia sempre pi\u00f9 urgente porre fine ad una triste ed inqualificabile vicenda che investe almeno la met\u00e0 delle 25 famiglie che gi\u00e0 da pi\u00f9 di 2 anni si ritrovano inserite a pieno titolo nella graduatoria per l\u2019emergenza abitativa, varata tra l\u2019altro con forte ritardo visto che essa \u00e8 il frutto di un bando scaduto addirittura nel lontano 28 maggio 2018!<div id=\"videoincontent\" style=\"clear:both\";><\/div><\/p>\n\n\n\n<p>\u201cAl netto del fatto che l\u2019attenzione sembra essere indirizzata maggiormente per le altrettanto importanti questioni del Risanamento, occorre accelerare quanto pi\u00f9 la completa assegnazione degli alloggi a tutte le 25 famiglie aventi diritto, anche nell\u2019interesse di tutte quelle altre famiglie messinesi che da ben 3 anni e mezzo (cio\u00e8 da quando \u00e8 scaduto l\u2019ultimo bando) sono di fatto impedite a presentare delle nuove istanze, nonostante il Regolamento comunale per l\u2019assegnazione degli alloggi popolari approvato nel 2012 preveda chiaramente che il bando debba essere varato ogni 2 anni.<\/p>\n\n\n\n<p>\u201cNaturalmente, il motivo per il quale il sottoscritto la interpella con la presente, \u00e8 legato al fatto che in quasi tutte le famiglie in questione siano presenti dei minori il cui diritto a poter vivere in una dimora dignitosa (peraltro acquisito con un regolare bando pubblico) deve essere garantito con ancora pi\u00f9 solerzia e scrupolo, soprattutto se si pensa che alcuni di essi, da informazioni che ho potuto acquisire, soffrono anche di alcune patologie (disturbi del comportamento, malattie al fegato ecc.), tant\u2019\u00e8 che risultano destinatari di relativa indennit\u00e0 di frequenza\u201d.<\/p>\n","protected":false},"excerpt":{"rendered":"<p>Il capogruppo di Fratelli d\u2019Italia, Libero Gioveni, chiede l\u2019intervento del Garante per i diritti dell&#8217;infanzia e dell&#8217;adolescenza, Fabio Costantino, per affrontare quanto prima l\u2019emergenza abitativa che interessa 25 famiglie, la maggior parte delle quali con minori a carico. Le famiglie in questione, infatti, nonostante da pi\u00f9 di due anni siano inserite a pieno titolo nella [&hellip;]<\/p>\n","protected":false},"author":8,"featured_media":22849,"comment_status":"open","ping_status":"open","sticky":false,"template":"","format":"standard","meta":{"ub_ctt_via":"","_mi_skip_tracking":false},"categories":[4],"tags":[3544,740],"featured_image_src":"https:\/\/www.messinaoggi.it\/website\/wp-content\/uploads\/2018\/08\/baracche-Messina-tetti-messinaoggiMR-1.jpg","author_info":{"display_name":"red..me","author_link":"https:\/\/www.messinaoggi.it\/website\/author\/redstage\/"},"digistream_id":0,"digistream":false,"_links":{"self":[{"href":"https:\/\/www.messinaoggi.it\/website\/wp-json\/wp\/v2\/posts\/88399"}],"collection":[{"href":"https:\/\/www.messinaoggi.it\/website\/wp-json\/wp\/v2\/posts"}],"about":[{"href":"https:\/\/www.messinaoggi.it\/website\/wp-json\/wp\/v2\/types\/post"}],"author":[{"embeddable":true,"href":"https:\/\/www.messinaoggi.it\/website\/wp-json\/wp\/v2\/users\/8"}],"replies":[{"embeddable":true,"href":"https:\/\/www.messinaoggi.it\/website\/wp-json\/wp\/v2\/comments?post=88399"}],"version-history":[{"count":1,"href":"https:\/\/www.messinaoggi.it\/website\/wp-json\/wp\/v2\/posts\/88399\/revisions"}],"predecessor-version":[{"id":88400,"href":"https:\/\/www.messinaoggi.it\/website\/wp-json\/wp\/v2\/posts\/88399\/revisions\/88400"}],"wp:featuredmedia":[{"embeddable":true,"href":"https:\/\/www.messinaoggi.it\/website\/wp-json\/wp\/v2\/media\/22849"}],"wp:attachment":[{"href":"https:\/\/www.messinaoggi.it\/website\/wp-json\/wp\/v2\/media?parent=88399"}],"wp:term":[{"taxonomy":"category","embeddable":true,"href":"https:\/\/www.messinaoggi.it\/website\/wp-json\/wp\/v2\/categories?post=88399"},{"taxonomy":"post_tag","embeddable":true,"href":"https:\/\/www.messinaoggi.it\/website\/wp-json\/wp\/v2\/tags?post=88399"}],"curies":[{"name":"wp","href":"https:\/\/api.w.org\/{rel}","templated":true}]}}