{"id":88375,"date":"2021-11-23T23:19:59","date_gmt":"2021-11-23T22:19:59","guid":{"rendered":"http:\/\/www.messinaoggi.it\/website\/?p=88375"},"modified":"2021-11-23T23:20:02","modified_gmt":"2021-11-23T22:20:02","slug":"la-lega-messinese-si-allarga-germana-benvenuto-a-scandurra","status":"publish","type":"post","link":"https:\/\/www.messinaoggi.it\/website\/2021\/11\/23\/la-lega-messinese-si-allarga-germana-benvenuto-a-scandurra\/","title":{"rendered":"La Lega messinese si allarga, German\u00e0: \u201cBenvenuto a Scandurra\u201d"},"content":{"rendered":"\n<p>\u201cLa Lega continua a crescere con adesioni di donne e di uomini, di professionisti qualificati e di amministratori che danno lustro al nostro progetto. Ho l\u2019onore di dare il benvenuto nella grande famiglia della Lega a Salvatore Scandurra, commerciante di prodotti ittici e consigliere eletto nella VI municipalit\u00e0 della citt\u00e0 di Messina\u201d. <div id=\"div-gpt-ad-Messinaoggi.it-DSK-300x250-corpoart\" style=\"text-align:center;margin:0 auto;\"><\/div><\/p>\n\n\n\n<p>Lo dice il deputato della Lega Nino German\u00e0 in seguito alla dichiarazione del consigliere. \u201cDa tempo seguivo con interesse il progetto della Lega di Matteo Salvini e aderisco con convinzione avendo trovato nella persona dell\u2019onorevole German\u00e0 un interlocutore attento alle problematiche della citt\u00e0 di Messina e soprattutto della mia municipalit\u00e0 che per ben due volte mi ha eletto con largo consenso.\u201d<div id=\"videoincontent\" style=\"clear:both\";><\/div><\/p>\n\n\n\n<p>\u201cOggi la Lega in Sicilia &#8211; conclude German\u00e0 &#8211; pu\u00f2 vantare una classe dirigente pronta a ricoprire ruoli importanti ad ogni livello e ad affrontare i prossimi appuntamenti elettorali\u201d.<\/p>\n","protected":false},"excerpt":{"rendered":"<p>\u201cLa Lega continua a crescere con adesioni di donne e di uomini, di professionisti qualificati e di amministratori che danno lustro al nostro progetto. Ho l\u2019onore di dare il benvenuto nella grande famiglia della Lega a Salvatore Scandurra, commerciante di prodotti ittici e consigliere eletto nella VI municipalit\u00e0 della citt\u00e0 di Messina\u201d. Lo dice il [&hellip;]<\/p>\n","protected":false},"author":8,"featured_media":61090,"comment_status":"open","ping_status":"open","sticky":false,"template":"","format":"standard","meta":{"ub_ctt_via":"","_mi_skip_tracking":false},"categories":[4],"tags":[719,3541],"featured_image_src":"https:\/\/www.messinaoggi.it\/website\/wp-content\/uploads\/2021\/04\/3022851C-A5E9-4B3C-A4C6-AD49F43EBEBC.jpeg","author_info":{"display_name":"red..me","author_link":"https:\/\/www.messinaoggi.it\/website\/author\/redstage\/"},"digistream_id":0,"digistream":false,"_links":{"self":[{"href":"https:\/\/www.messinaoggi.it\/website\/wp-json\/wp\/v2\/posts\/88375"}],"collection":[{"href":"https:\/\/www.messinaoggi.it\/website\/wp-json\/wp\/v2\/posts"}],"about":[{"href":"https:\/\/www.messinaoggi.it\/website\/wp-json\/wp\/v2\/types\/post"}],"author":[{"embeddable":true,"href":"https:\/\/www.messinaoggi.it\/website\/wp-json\/wp\/v2\/users\/8"}],"replies":[{"embeddable":true,"href":"https:\/\/www.messinaoggi.it\/website\/wp-json\/wp\/v2\/comments?post=88375"}],"version-history":[{"count":1,"href":"https:\/\/www.messinaoggi.it\/website\/wp-json\/wp\/v2\/posts\/88375\/revisions"}],"predecessor-version":[{"id":88376,"href":"https:\/\/www.messinaoggi.it\/website\/wp-json\/wp\/v2\/posts\/88375\/revisions\/88376"}],"wp:featuredmedia":[{"embeddable":true,"href":"https:\/\/www.messinaoggi.it\/website\/wp-json\/wp\/v2\/media\/61090"}],"wp:attachment":[{"href":"https:\/\/www.messinaoggi.it\/website\/wp-json\/wp\/v2\/media?parent=88375"}],"wp:term":[{"taxonomy":"category","embeddable":true,"href":"https:\/\/www.messinaoggi.it\/website\/wp-json\/wp\/v2\/categories?post=88375"},{"taxonomy":"post_tag","embeddable":true,"href":"https:\/\/www.messinaoggi.it\/website\/wp-json\/wp\/v2\/tags?post=88375"}],"curies":[{"name":"wp","href":"https:\/\/api.w.org\/{rel}","templated":true}]}}