{"id":88358,"date":"2021-11-23T19:07:36","date_gmt":"2021-11-23T18:07:36","guid":{"rendered":"https:\/\/www.messinaoggi.it\/website\/2021\/11\/23\/amici-della-terra-serve-un-mix-di-azioni-per-la-transizione-energetica\/"},"modified":"2021-11-23T19:07:36","modified_gmt":"2021-11-23T18:07:36","slug":"amici-della-terra-serve-un-mix-di-azioni-per-la-transizione-energetica","status":"publish","type":"post","link":"https:\/\/www.messinaoggi.it\/website\/2021\/11\/23\/amici-della-terra-serve-un-mix-di-azioni-per-la-transizione-energetica\/","title":{"rendered":"Amici della Terra \u201cServe un mix di azioni per la transizione energetica\u201d"},"content":{"rendered":"<div>ROMA (ITALPRESS) &#8211; Al via la XIII Conferenza Nazionale per L&#8217;Efficienza Energetica, che si svolge il 23 e 24 novembre a Roma, appena dopo due eventi importanti per il futuro dell&#8217;uso dell&#8217;energia, il G20 e la COP26. Questi appuntamenti internazionali per la prima volta hanno aperto al superamento della narrazione ideologica e semplicistica secondo cui l&#8217;unica strada verso la transizione fosse l&#8217;installazione di rinnovabili elettriche di grandi dimensioni. Si \u00e8 resa chiara la necessit\u00e0 di mettere in campo una molteplicit\u00e0 di azioni diverse e di investire in ricerca tecnologica, grazie anche all&#8217;intervento italiano con Mario Draghi che dichiara come &#8220;oggi raggiungere quegli obiettivi nel 2050 con le sole rinnovabili non \u00e8 realistico. Ce l&#8217;ha detto la Commissione, l&#8217;han detto le Nazioni Unite&#8230;&#8221;.<br \/>&#8220;Come Amici della Terra abbiamo apprezzato almeno tre decisioni con queste caratteristiche, annunciate da Draghi gi\u00e0 in conclusione del G20 di Roma &#8211; conferma la presidente dell&#8217;associazione Monica Tommasi nel discorso di apertura dei lavori -. I 100 miliardi annui di sostegno alle politiche dei paesi meno sviluppati, il ruolo della forestazione perch\u00e8 l&#8217;obbiettivo net zero non pu\u00f2 prescindere dal riassorbire parte delle emissioni, e la priorit\u00e0 data finalmente alla riduzione delle emissioni di metano, fronte sul quale come Amici della Terra siamo da anni attivi con studi e collaborazioni su pi\u00f9 fronti&#8221;. <br \/>L&#8217;Italia nella definizione del nuovo Piano Nazionale integrato per l&#8217;Energia e il Clima (PNEC) richiesto dallo European Green Deal deve superare l&#8217;attuale impostazione e assumere realmente il principio #Primalefficienza.<br \/>Per fare cio il nuovo PNEC dovr\u00e0 ruotare su un obiettivo globale di riduzione dell&#8217;intensit\u00e0 energetica basato su obiettivi settoriali di miglioramento dell&#8217;efficienza energetica collegati a corrispondenti obiettivi di aumento della competitivit\u00e0 e crescita economica.<br \/>Gli Amici della Terra ripropongpno con forza il principio #primalefficienza &#8220;che in questi anni ha dimostrato di essere l&#8217;approccio trasversale che ha portato gli unici veri progressi, graduali ma concreti e misurabili, a fronte di investimenti grandiosi fatti a favore di eolico e fotovoltaico che hanno prodotto risultati bassi e sulle cui contraddizioni non si \u00e8 mai avuto un dibattito pubblico serio. Contraddizioni &#8211; spiegano &#8211; che riguardano la dimensione locale con gli impatti paesaggistici, sulla biodiversit\u00e0 e per lo sviluppo rurale; e la dimensione globale con il consumo di suolo, con le nuove esigenze di estrazione mineraria che pongono enormi problemi di sostenibilit\u00e0 ambientale&#8221;, a cui \u00e8 dedicata la sessione pomeridiana del primo giorno dei lavori.<br \/>&#8220;Vanno evitate quindi politiche che non tengano conto della realt\u00e0 italiana, privilegiando solo le rinnovabili elettriche intermittenti. Percorsi di elettrificazione dei consumi velleitari, e la rinuncia a gestire al meglio il ruolo del gas naturale nella transizione rischiano di avere effetti controproducenti sul conseguimento degli obiettivi di decarbonizzazione &#8211; conclude Tommasi -. E infine non bisogna sottovalutare il pericolo che il populismo cavalchi le contraddizioni di politiche per la transizione non attente alla realt\u00e0 sociale del paese&#8221;.<br \/>(ITALPRESS).<\/div>\n<div id=\"div-gpt-ad-Messinaoggi.it-DSK-300x250-corpoart\" style=\"text-align:center;margin:0 auto;\"><\/div><\/p><div id=\"videoincontent\" style=\"clear:both\";><\/div>","protected":false},"excerpt":{"rendered":"<p>ROMA (ITALPRESS) &#8211; Al via la XIII Conferenza Nazionale per L&#8217;Efficienza Energetica, che si svolge il 23 e 24 novembre a Roma, appena dopo due eventi importanti per il futuro dell&#8217;uso dell&#8217;energia, il G20 e la COP26. Questi appuntamenti internazionali per la prima volta hanno aperto al superamento della narrazione ideologica e semplicistica secondo cui [&hellip;]<\/p>\n","protected":false},"author":18,"featured_media":88359,"comment_status":"closed","ping_status":"closed","sticky":false,"template":"","format":"standard","meta":{"ub_ctt_via":"","_mi_skip_tracking":false},"categories":[446],"tags":[783],"featured_image_src":"https:\/\/www.messinaoggi.it\/website\/wp-content\/uploads\/2021\/11\/20211123_2156.jpg","author_info":{"display_name":"Admin","author_link":"https:\/\/www.messinaoggi.it\/website\/author\/admin\/"},"digistream_id":0,"digistream":false,"_links":{"self":[{"href":"https:\/\/www.messinaoggi.it\/website\/wp-json\/wp\/v2\/posts\/88358"}],"collection":[{"href":"https:\/\/www.messinaoggi.it\/website\/wp-json\/wp\/v2\/posts"}],"about":[{"href":"https:\/\/www.messinaoggi.it\/website\/wp-json\/wp\/v2\/types\/post"}],"author":[{"embeddable":true,"href":"https:\/\/www.messinaoggi.it\/website\/wp-json\/wp\/v2\/users\/18"}],"replies":[{"embeddable":true,"href":"https:\/\/www.messinaoggi.it\/website\/wp-json\/wp\/v2\/comments?post=88358"}],"version-history":[{"count":0,"href":"https:\/\/www.messinaoggi.it\/website\/wp-json\/wp\/v2\/posts\/88358\/revisions"}],"wp:featuredmedia":[{"embeddable":true,"href":"https:\/\/www.messinaoggi.it\/website\/wp-json\/wp\/v2\/media\/88359"}],"wp:attachment":[{"href":"https:\/\/www.messinaoggi.it\/website\/wp-json\/wp\/v2\/media?parent=88358"}],"wp:term":[{"taxonomy":"category","embeddable":true,"href":"https:\/\/www.messinaoggi.it\/website\/wp-json\/wp\/v2\/categories?post=88358"},{"taxonomy":"post_tag","embeddable":true,"href":"https:\/\/www.messinaoggi.it\/website\/wp-json\/wp\/v2\/tags?post=88358"}],"curies":[{"name":"wp","href":"https:\/\/api.w.org\/{rel}","templated":true}]}}