{"id":88354,"date":"2021-11-24T00:07:33","date_gmt":"2021-11-23T23:07:33","guid":{"rendered":"https:\/\/www.messinaoggi.it\/website\/2021\/11\/23\/mattarella-il-pnrr-incidera-sulla-societa-usare-bene-le-risorse\/"},"modified":"2021-11-24T08:59:23","modified_gmt":"2021-11-24T07:59:23","slug":"mattarella-il-pnrr-incidera-sulla-societa-usare-bene-le-risorse","status":"publish","type":"post","link":"https:\/\/www.messinaoggi.it\/website\/2021\/11\/24\/mattarella-il-pnrr-incidera-sulla-societa-usare-bene-le-risorse\/","title":{"rendered":"Mattarella \u201cIl Pnrr incider\u00e0 sulla societ\u00e0, usare bene le risorse\u201d"},"content":{"rendered":"<div>ROMA (ITALPRESS) &#8211; &#8220;Stiamo attraversando tempi straordinari. Le ingenti risorse del Piano nazionale di ripresa e resilienza impongono, in un arco temporale breve, un volume considerevole di investimenti che incideranno, insieme alle riforme, sull&#8217;evoluzione e sulla stessa idea di societ\u00e0. Le ingenti risorse attualmente destinate all&#8217;Italia vanno utilizzate in modo attento e responsabile, nella consapevolezza che ci troviamo in una condizione senza precedenti e, verosimilmente, irripetibile. Si tratta di cogliere o di perdere un&#8217;opportunit\u00e0 straordinaria per l&#8217;Italia e per l&#8217;Europa&#8221;. Lo ha ha detto il presidente della Repubblica, Sergio Mattarella, nel corso dell&#8217;incontro con i referendari di nuova nomina della Corte dei Conti al Quirinale. Il capo dello Stato ha ricordato che spetter\u00e0 alla Corte la verifica e la valutazione dell&#8217;attuazione dei programmi di spesa, &#8220;avvalendosi delle nuove forme di controllo concomitante che accentuano il suo ruolo di ausilio e di sprone nei confronti delle pubbliche amministrazioni. La Corte \u00e8 inoltre chiamata a tener conto dell&#8217;importanza riservata dalla normativa europea alle funzioni di prevenzione e repressione dei fenomeni di corruzione, conflitto di interessi e frodi nell&#8217;uso dei fondi posti a disposizione dall&#8217;Unione. Nell&#8217;esercizio delle sue funzioni la Corte si dimostrer\u00e0 certamente consapevole &#8211; cos\u00ec come dovranno fare anche le altre istituzioni &#8211; della necessit\u00e0 di impiegare le risorse del Piano nazionale di ripresa e resilienza con efficacia ed efficienza, in termini estremamente rapidi.Fronteggiare la pandemia e avviare la ripresa hanno comportato l&#8217;impiego di risorse ingenti, determinando un incremento significativo del nostro debito pubblico&#8221;.<br \/>&#8220;Questo, come sappiamo, \u00e8 stato reso possibile dalle scelte di politica monetaria della Banca centrale europea e dalla sospensione del Patto di stabilit\u00e0. La crescita del debito pubblico &#8211; ha proseguito Mattarella &#8211; richiede un supplemento di responsabilit\u00e0 nella gestione della finanza pubblica e un utilizzo delle risorse mirato alla crescita economica. Gi\u00e0 a partire da quest&#8217;anno, i documenti di finanza pubblica indicano l&#8217;obiettivo di una riduzione del debito pubblico, obiettivo ineludibile se intendiamo rendere la ripresa stabile e duratura&#8221;.<br \/>(ITALPRESS).<\/div>\n<div id=\"div-gpt-ad-Messinaoggi.it-DSK-300x250-corpoart\" style=\"text-align:center;margin:0 auto;\"><\/div><\/p><div id=\"videoincontent\" style=\"clear:both\";><\/div>","protected":false},"excerpt":{"rendered":"<p>ROMA (ITALPRESS) &#8211; &#8220;Stiamo attraversando tempi straordinari. Le ingenti risorse del Piano nazionale di ripresa e resilienza impongono, in un arco temporale breve, un volume considerevole di investimenti che incideranno, insieme alle riforme, sull&#8217;evoluzione e sulla stessa idea di societ\u00e0. Le ingenti risorse attualmente destinate all&#8217;Italia vanno utilizzate in modo attento e responsabile, nella consapevolezza [&hellip;]<\/p>\n","protected":false},"author":18,"featured_media":88355,"comment_status":"closed","ping_status":"closed","sticky":false,"template":"","format":"standard","meta":{"ub_ctt_via":"","_mi_skip_tracking":false},"categories":[446,4],"tags":[783],"featured_image_src":"https:\/\/www.messinaoggi.it\/website\/wp-content\/uploads\/2021\/11\/20211123_1980.jpg","author_info":{"display_name":"Admin","author_link":"https:\/\/www.messinaoggi.it\/website\/author\/admin\/"},"digistream_id":0,"digistream":false,"_links":{"self":[{"href":"https:\/\/www.messinaoggi.it\/website\/wp-json\/wp\/v2\/posts\/88354"}],"collection":[{"href":"https:\/\/www.messinaoggi.it\/website\/wp-json\/wp\/v2\/posts"}],"about":[{"href":"https:\/\/www.messinaoggi.it\/website\/wp-json\/wp\/v2\/types\/post"}],"author":[{"embeddable":true,"href":"https:\/\/www.messinaoggi.it\/website\/wp-json\/wp\/v2\/users\/18"}],"replies":[{"embeddable":true,"href":"https:\/\/www.messinaoggi.it\/website\/wp-json\/wp\/v2\/comments?post=88354"}],"version-history":[{"count":1,"href":"https:\/\/www.messinaoggi.it\/website\/wp-json\/wp\/v2\/posts\/88354\/revisions"}],"predecessor-version":[{"id":88388,"href":"https:\/\/www.messinaoggi.it\/website\/wp-json\/wp\/v2\/posts\/88354\/revisions\/88388"}],"wp:featuredmedia":[{"embeddable":true,"href":"https:\/\/www.messinaoggi.it\/website\/wp-json\/wp\/v2\/media\/88355"}],"wp:attachment":[{"href":"https:\/\/www.messinaoggi.it\/website\/wp-json\/wp\/v2\/media?parent=88354"}],"wp:term":[{"taxonomy":"category","embeddable":true,"href":"https:\/\/www.messinaoggi.it\/website\/wp-json\/wp\/v2\/categories?post=88354"},{"taxonomy":"post_tag","embeddable":true,"href":"https:\/\/www.messinaoggi.it\/website\/wp-json\/wp\/v2\/tags?post=88354"}],"curies":[{"name":"wp","href":"https:\/\/api.w.org\/{rel}","templated":true}]}}