{"id":88350,"date":"2021-11-23T18:32:35","date_gmt":"2021-11-23T17:32:35","guid":{"rendered":"https:\/\/www.messinaoggi.it\/website\/2021\/11\/23\/conferenza-sullistruzione-lagalla-prezioso-momento-di-condivisione\/"},"modified":"2021-11-23T18:32:35","modified_gmt":"2021-11-23T17:32:35","slug":"conferenza-sullistruzione-lagalla-prezioso-momento-di-condivisione","status":"publish","type":"post","link":"https:\/\/www.messinaoggi.it\/website\/2021\/11\/23\/conferenza-sullistruzione-lagalla-prezioso-momento-di-condivisione\/","title":{"rendered":"Conferenza sull\u2019Istruzione, Lagalla: \u201cPrezioso momento di condivisione\u201d"},"content":{"rendered":"<div>\n<p>PALERMO (ITALPRESS) \u2013 Si \u00e8 chiusa a Palermo la prima edizione della \u201cConferenza regionale Istruzione, scuola, universit\u00e0 e formazione professionale in Sicilia\u201d, promossa dalla Regione con il sostegno del Fondo sociale europeo.<br \/>Alle due giornate, volute dal governo Musumeci e organizzate dall\u2019assessorato dell\u2019Istruzione e della Formazione professionale, ha partecipato una folta rappresentanza di studenti e docenti del mondo della scuola e delle universit\u00e0 siciliane e nazionali, ma anche esperti del settore che si sono confrontati su diverse tematiche: dalla scuola primaria alla formazione on the job, dalle politiche di inclusione alla mobilit\u00e0 internazionale, dal sistema Its alla valorizzazione della ricerca, dal sistema duale alla creazione d\u2019impresa e start up. <br \/>Partendo dallo stato attuale del sistema scolastico e universitario e dall\u2019analisi delle criticit\u00e0 presenti si sono avanzate proposte e sono stati posti obiettivi per il futuro, puntando a una nuova visione di modelli educativi che va di pari passo con l\u2019Europa, con le priorit\u00e0 di intervento e gli standard qualitativi comunitari.<br \/>\u00abL\u2019evento \u2013 ha sottolineato l\u2019assessore Roberto Lagalla \u2013 ha rappresentato un momento prezioso di condivisione, raccolta di proposte e idee provenienti dai tanti attori del complesso sistema educativo della Regione. Adesso mi aspetto il rafforzamento di un patto con la societ\u00e0, con i giovani e le famiglie. Dobbiamo restituire voce e protagonismo a tutti gli attori del mondo dell\u2019istruzione\u00bb.<br \/>Dopo la prima giornata di lavori, ospitata nella Sala d\u2019Ercole di Palazzo dei Normanni, che ha visto la partecipazione del ministro dell\u2019Universit\u00e0 e ricerca, Maria Cristina Messa, la Conferenza regionale \u00e8 proseguita nell\u2019Aula magna del dipartimento di Scienze economiche, aziendali e statistiche in viale delle Scienze con interventi di esperti e talk moderati da giornalisti.<br \/>I suggerimenti e le riflessioni emerse sono state lanciate proprio dai protagonisti dei luoghi di studio e di formazione: va proprio in questa direzione la volont\u00e0 di fare introdurre i lavori odierni ad Amel Chaouch, studentessa di origini tunisine del Liceo linguistico Cassar\u00e0 di Palermo che, con un incipit in diverse lingue, ha letto una lettera al mondo dell\u2019istruzione in cui emergono le sue speranze, i timori ma anche i sogni, come quello di diventare interprete della Commissione europea. <br \/>Contrasto alla povert\u00e0 educativa, promozione del diritto allo studio, superamento dei divari territoriali, internazionalizzazione e interconnessione con il mondo del lavoro: sono questi alcuni dei temi affrontati dai relatori che si sono messi a confronto anche in pi\u00f9 tavoli di lavoro tematici che si sono svolti in contemporanea, dedicati all\u2019internazionalizzazione del sistema istruzione in Sicilia, alla formazione on the job, al sistema duale e alla creazione d\u2019impresa e start up, agli Its, gli Istituti tecnici superiori siciliani, ma anche all\u2019accesso all\u2019Universit\u00e0, tra diritto allo studio e politiche di contrasto alla povert\u00e0 educativa e alle disuguaglianze, alla mobilit\u00e0 internazionale e alla valorizzazione del capitale umano, alla ricerca, l\u2019innovazione e lo sviluppo nel territorio e tanti altri. <br \/>Particolare attenzione \u00e8 stata data al futuro dell\u2019istruzione post Covid e alle opportunit\u00e0 e risorse offerte dal Pnrr che, se ben utilizzate, potranno rendere pi\u00f9 agevole e adeguato al superamento delle sfide educative il cammino che il settore \u00e8 chiamato ad affrontare. A chiudere i lavori della Conferenza \u00e8 intervenuto, da remoto, il ministro dell\u2019Istruzione, Patrizio Bianchi.<br \/>(ITALPRESS).<div id=\"div-gpt-ad-Messinaoggi.it-DSK-300x250-corpoart\" style=\"text-align:center;margin:0 auto;\"><\/div><\/p>\n<\/div>\n<div id=\"videoincontent\" style=\"clear:both\";><\/div>","protected":false},"excerpt":{"rendered":"<p>PALERMO (ITALPRESS) \u2013 Si \u00e8 chiusa a Palermo la prima edizione della \u201cConferenza regionale Istruzione, scuola, universit\u00e0 e formazione professionale in Sicilia\u201d, promossa dalla Regione con il sostegno del Fondo sociale europeo.Alle due giornate, volute dal governo Musumeci e organizzate dall\u2019assessorato dell\u2019Istruzione e della Formazione professionale, ha partecipato una folta rappresentanza di studenti e docenti [&hellip;]<\/p>\n","protected":false},"author":18,"featured_media":88351,"comment_status":"closed","ping_status":"closed","sticky":false,"template":"","format":"standard","meta":{"ub_ctt_via":"","_mi_skip_tracking":false},"categories":[2449],"tags":[783],"featured_image_src":"https:\/\/www.messinaoggi.it\/website\/wp-content\/uploads\/2021\/11\/20211123_2066.jpg","author_info":{"display_name":"Admin","author_link":"https:\/\/www.messinaoggi.it\/website\/author\/admin\/"},"digistream_id":0,"digistream":false,"_links":{"self":[{"href":"https:\/\/www.messinaoggi.it\/website\/wp-json\/wp\/v2\/posts\/88350"}],"collection":[{"href":"https:\/\/www.messinaoggi.it\/website\/wp-json\/wp\/v2\/posts"}],"about":[{"href":"https:\/\/www.messinaoggi.it\/website\/wp-json\/wp\/v2\/types\/post"}],"author":[{"embeddable":true,"href":"https:\/\/www.messinaoggi.it\/website\/wp-json\/wp\/v2\/users\/18"}],"replies":[{"embeddable":true,"href":"https:\/\/www.messinaoggi.it\/website\/wp-json\/wp\/v2\/comments?post=88350"}],"version-history":[{"count":0,"href":"https:\/\/www.messinaoggi.it\/website\/wp-json\/wp\/v2\/posts\/88350\/revisions"}],"wp:featuredmedia":[{"embeddable":true,"href":"https:\/\/www.messinaoggi.it\/website\/wp-json\/wp\/v2\/media\/88351"}],"wp:attachment":[{"href":"https:\/\/www.messinaoggi.it\/website\/wp-json\/wp\/v2\/media?parent=88350"}],"wp:term":[{"taxonomy":"category","embeddable":true,"href":"https:\/\/www.messinaoggi.it\/website\/wp-json\/wp\/v2\/categories?post=88350"},{"taxonomy":"post_tag","embeddable":true,"href":"https:\/\/www.messinaoggi.it\/website\/wp-json\/wp\/v2\/tags?post=88350"}],"curies":[{"name":"wp","href":"https:\/\/api.w.org\/{rel}","templated":true}]}}