{"id":8835,"date":"2017-10-02T13:16:46","date_gmt":"2017-10-02T11:16:46","guid":{"rendered":"http:\/\/www.messinaoggi.it\/website\/?p=8835"},"modified":"2017-10-02T13:16:46","modified_gmt":"2017-10-02T11:16:46","slug":"al-via-la-iv-edizione-di-sabirfest","status":"publish","type":"post","link":"https:\/\/www.messinaoggi.it\/website\/2017\/10\/02\/al-via-la-iv-edizione-di-sabirfest\/","title":{"rendered":"Al via la IV\u00b0 edizione di SabirFest"},"content":{"rendered":"<p style=\"text-align: justify\">Ferve l\u2019attesa\u00a0 per la IV edizione di SabirFest, cultura e cittadinanza mediterranea, che prender\u00e0 il via a partire da gioved\u00ec fino a domenica e \u00a0si svolger\u00e0 tra Messina, Catania e \u00a0Reggio Calabria. L\u2019edizione messinese \u00e8 stata presentata nei giorni scorsi, all\u2019ateneo peloritano, da Ugo Magno (presidente del Comitato Promotore SabirFest), Katia Pastura (Comitato Promotore SabirFest), Gigi Spedale (presidente di Rete Latitudini), dal prof. Mario Bolognari, (direttore del Dipartimento DiCAM), da Federico Alagna e Guido Signorino (rispettivamente assessore alla Cultura e assessore allo Sviluppo economico del Comune di Messina), da Rita Anchese (delegata dell\u2019ERSU).<div id=\"div-gpt-ad-Messinaoggi.it-DSK-300x250-corpoart\" style=\"text-align:center;margin:0 auto;\"><\/div><\/p>\n<p style=\"text-align: justify\">Il tema \u00a0principe di questa edizione sar\u00e0 \u00a0(s)cortesie per gli ospiti, che sintetizza l\u2019invito di Sabirfest a riflettere sul senso, il valore e la pratica di quell\u2019ospitalit\u00e0 che accompagna la storia delle genti del Mediterraneo, ma che \u00e8 sempre pi\u00f9 compromessa dalle politiche neocoloniali, dal razzismo e dall\u2019intolleranza.<div id=\"videoincontent\" style=\"clear:both\";><\/div><\/p>\n<p style=\"text-align: justify\">Dal 5 all\u20198 ottobre, \u00a0nella splendida location di Palazzo Mariani a Messina avr\u00e0 luogo la rassegna editoriale Sabirlibri, allestita grazie alla partecipazione di oltre 40 case editrici di tutta Italia e quest\u2019anno anche dalla Corsica (la casa editrice Albiana), per un confronto tra le due isole, che, oltre \u00a0ai propri titoli e le novit\u00e0, proporranno diverse presentazioni con gli autori, per la sezione A libro aperto, alla Galleria Vittorio Emanuele uno spazio per i pi\u00f9 piccoli mentre il Monte di Piet\u00e0, Palazzo Mariani e altri spazi dell\u2019ateneo Peloritano, la chiesa di San Tommaso il Vecchio, il Circolo Thomas Sankara accoglieranno gli appuntamenti che comporranno il ricco programma di incontri, laboratori, performance teatrali, documentari e tavole rotonde.<\/p>\n<p style=\"text-align: justify\">Anche quest\u2019anno SabirFest si articoler\u00e0 in diverse sezioni, oltre 60 gli appuntamenti messinesi in programma. E gi\u00e0 a partire dal primo giorno, SabirFest si caratterizzer\u00e0 da una parte come occasione di scambio e confronto, anche interreligioso e dall\u2019altra\u00a0 come luogo in cui approfondire temi e questioni dei nostri tempi.<\/p>\n<p style=\"text-align: justify\">Tra i protagonisti di questa edizione, gioved\u00ec 5, lo scrittore siriano Khaled Khalifa in dialogo con Lorenzo Casini, ricercatore di lingua e letteratura araba, presenter\u00e0 in anteprima il nuovo libro, \u201cNon ci sono coltelli nelle cucine di questa citt\u00e0\u201d, in uscita per Bompiani che ne ha concesso un estratto. Oltre alla Siria, gli altri paesi al centro dell\u2019edizione saranno Turchia, Albania, Libia. Un festival che vuole parlare ai giovani, proponendo un laboratorio sui \u201cPrincipi fondamentali\u201d, attorno ai temi della costituzione e dell\u2019utopia, condotto dal giornalista di Rai Radio3, Graziano Graziani e sempre gli studenti protagonisti dei consueti \u201cColpi di Fulmine\u201d quest\u2019anno con lo scrittore calabrese Vins Gallico. Coinvolti gli istituti superiori messinesi \u201cMaurolico\u201d, \u201cEmilio Ainis\u201d, \u201cBasile\u201d, \u201cSeguenza\u201d. La sezione SabirMaydan \u201cpiazza\u201d dove dialogare sul concetto di cittadinanza transnazionale nel Mediterraneo, prender\u00e0 il via con \u201cL\u2019altro nelle tradizioni e nelle pratiche religiose\u201d confronto interreligioso a pi\u00f9 voci e nel corso di questa edizione sar\u00e0 resa pubblica una dichiarazione, elaborata dalla comunit\u00e0 SabirMaydan, che enuncer\u00e0 i principii fondamentali del manifesto per la cittadinanza mediterranea in un documento politico su cui sar\u00e0 avviata una consultazione pubblica. Parallelamente, scrittori, intellettuali e artisti ospiti del festival, che condividono le istanze contenute nel documento, saranno invitati a produrre testi brevi e\/o opere che traducono in altre forme espressive i temi ispiratori del manifesto.<\/p>\n<p style=\"text-align: justify\">Sempre nella giornata inaugurale Caterina Resta, ordinario di filosofia teoretica dell\u2019ateneo peloritano, rifletter\u00e0 su \u201cPensare l\u2019ospitalit\u00e0. Tante le sezioni previste come Tradurre il Mediterraneo quest\u2019anno in collaborazione con Babel Festival di Bellinzona, SabirComics con la presenza tra gli altri di Lelio Bonaccorso, Laura Silvia Battaglia, spazio anche alle visioni (s)cortesi, dedicate ai temi delle migrazioni, il primo appuntamento sar\u00e0 dedicato ai \u201cNarranti migranti: ribaltare gli stereotipi\u201d in collaborazione con il Cospecs e il Festival Corto di Sera. Tra i protagonisti della sezione il cuntista trapanese Gaspare Balsamo, il Premio Ubu Saverio La Ruina, attore, autore e regista calabrese con \u201cItalianesi\u201d. In programma anche una performance per unire, seppure idealmente e a brodo di una delle navi della Caronte&amp;Tourist, le due sponde dello Stretto, il 7 ottobre, con \u201cStorie di passaggio. Un Mediterraneo da attraversare\u201d, itinerario tra Messina e Reggio Calabria per scoprire il piacere di incontrarsi e raccontare. Non mancher\u00e0 neppure per questa IV edizione l\u2019entusiasmo e la vitalit\u00e0 dei Sabirici, i giovani volontari arrivati da tutta Italia per dare il loro contributo alla realizzazione del Festival.<\/p>\n<p style=\"text-align: justify\">Anche quest\u2019anno SabirFest \u00e8 dedicato a: \u00d6zlem Dalkiran, impegnata da anni per la difesa dei diritti umani in numerose organizzazioni internazionali; Padre Paolo Dall\u2019Oglio, gesuita, ha fondato in Siria la comunit\u00e0 religiosa al-Khalil ed \u00e8 un riconosciuto artefice del dialogo tra cristianesimo e islam. Il suo attivismo per la non-violenza e la libert\u00e0 nei mesi della rivoluzione del 2011, gli ha causato l\u2019ostracismo del governo siriano e nel 2012 ha dovuto lasciare il paese. Il 29 luglio 2013 \u00e8 stato sequestrato a Raqqa, e da allora non si hanno pi\u00f9 sue notizie e come sempre \u00a0a\u00a0 tutte le donne,\u00a0 uomini e \u00a0bambini che hanno perso la vita cercando di raggiungere l\u2019Europa.<\/p>\n<p style=\"text-align: justify\">SabirFest chiede Verit\u00e0 per Giulio Regeni.<\/p>\n<p style=\"text-align: justify\">Ancora una volta \u00a0la kermesse letteraria si\u00a0 fa grande portavoce dei diritti umani in tutto il mondo.<\/p>\n","protected":false},"excerpt":{"rendered":"<p>Ferve l\u2019attesa\u00a0 per la IV edizione di SabirFest, cultura e cittadinanza mediterranea, che prender\u00e0 il via a partire da gioved\u00ec fino a domenica e \u00a0si svolger\u00e0 tra Messina, Catania e \u00a0Reggio Calabria. L\u2019edizione messinese \u00e8 stata presentata nei giorni scorsi, all\u2019ateneo peloritano, da Ugo Magno (presidente del Comitato Promotore SabirFest), Katia Pastura (Comitato Promotore SabirFest), [&hellip;]<\/p>\n","protected":false},"author":5,"featured_media":8836,"comment_status":"closed","ping_status":"open","sticky":false,"template":"","format":"standard","meta":{"ub_ctt_via":"","_mi_skip_tracking":false},"categories":[16],"tags":[],"featured_image_src":"https:\/\/www.messinaoggi.it\/website\/wp-content\/uploads\/2017\/10\/copertina-sedie_1illustrazione-di-Olga-Gurgone-1-1-2.jpg","author_info":{"display_name":"Maria Antonella Saia","author_link":"https:\/\/www.messinaoggi.it\/website\/author\/m-saia\/"},"digistream_id":0,"digistream":false,"_links":{"self":[{"href":"https:\/\/www.messinaoggi.it\/website\/wp-json\/wp\/v2\/posts\/8835"}],"collection":[{"href":"https:\/\/www.messinaoggi.it\/website\/wp-json\/wp\/v2\/posts"}],"about":[{"href":"https:\/\/www.messinaoggi.it\/website\/wp-json\/wp\/v2\/types\/post"}],"author":[{"embeddable":true,"href":"https:\/\/www.messinaoggi.it\/website\/wp-json\/wp\/v2\/users\/5"}],"replies":[{"embeddable":true,"href":"https:\/\/www.messinaoggi.it\/website\/wp-json\/wp\/v2\/comments?post=8835"}],"version-history":[{"count":0,"href":"https:\/\/www.messinaoggi.it\/website\/wp-json\/wp\/v2\/posts\/8835\/revisions"}],"wp:featuredmedia":[{"embeddable":true,"href":"https:\/\/www.messinaoggi.it\/website\/wp-json\/wp\/v2\/media\/8836"}],"wp:attachment":[{"href":"https:\/\/www.messinaoggi.it\/website\/wp-json\/wp\/v2\/media?parent=8835"}],"wp:term":[{"taxonomy":"category","embeddable":true,"href":"https:\/\/www.messinaoggi.it\/website\/wp-json\/wp\/v2\/categories?post=8835"},{"taxonomy":"post_tag","embeddable":true,"href":"https:\/\/www.messinaoggi.it\/website\/wp-json\/wp\/v2\/tags?post=8835"}],"curies":[{"name":"wp","href":"https:\/\/api.w.org\/{rel}","templated":true}]}}