{"id":88344,"date":"2021-11-23T18:07:43","date_gmt":"2021-11-23T17:07:43","guid":{"rendered":"https:\/\/www.messinaoggi.it\/website\/2021\/11\/23\/bayer-e-la-onlus-plastic-free-insieme-per-ripulire-5-citta-dai-rifiuti\/"},"modified":"2021-11-23T18:07:43","modified_gmt":"2021-11-23T17:07:43","slug":"bayer-e-la-onlus-plastic-free-insieme-per-ripulire-5-citta-dai-rifiuti","status":"publish","type":"post","link":"https:\/\/www.messinaoggi.it\/website\/2021\/11\/23\/bayer-e-la-onlus-plastic-free-insieme-per-ripulire-5-citta-dai-rifiuti\/","title":{"rendered":"Bayer e la onlus Plastic Free insieme per ripulire 5 citt\u00e0 dai rifiuti"},"content":{"rendered":"<div>ROMA (ITALPRESS) &#8211; Bayer Italia continua il proprio impegno verso la sostenibilit\u00e0 ambientale e sociale supportando l&#8217;Associazione Plastic Free Onlus, nata nel 2019 con l&#8217;obiettivo di informare e sensibilizzare pi\u00f9 persone possibili sul tema della protezione ambientale e dei rifiuti dispersi in natura.<br \/>Tema che si lega allo scopo &#8220;Science for a Better Life&#8221; e alla visione &#8220;Health for All, Hunger for None&#8221; di Bayer che promuove un uso responsabile delle risorse per aiutare le persone e il pianeta a prosperare dando un contributo rilevante al raggiungimento degli Obiettivi di Sviluppo delle Nazioni Unite.<br \/>Il Gruppo, impegnato nel settore delle Life Science, \u00e8 quindi pronto a scendere in campo per ripulire cinque citt\u00e0 italiane dalla plastica &#8211; in particolare quella monouso &#8211; e dai rifiuti, grazie alla sinergia con Plastic Free.<br \/>Torino, Firenze, Roma, Napoli e Reggio Calabria saranno le citt\u00e0 protagoniste di questa iniziativa che si terr\u00e0 domenica 28 novembre e che vedr\u00e0 la partecipazione di volontari e dei dipendenti dell&#8217;azienda. Gi\u00e0 in occasione della Giornata mondiale della Terra, l&#8217;azienda aveva incoraggiato l&#8217;adozione di\u00a0comportamenti virtuosi\u00a0e sostenibili per l&#8217;ambiente coinvolgendo i propri dipendenti nella piantumazione di 1650 alberi in diversi Paesi fra Africa e Sud America tra cui Tanzania, Ecuador, Guatemala e Kenya contribuendo cos\u00ec a catturare 356.500 kg di CO2.<br \/>&#8220;Oggi il mondo si trova di fronte ad una sfida senza precedenti, cio\u00e8 garantire salute e benessere ad una popolazione mondiale in crescita &#8211; ha commentato Fabio Minoli, direttore della Comunicazione e Rapporti Istituzionali -. Tutti possiamo contribuire a preservare le risorse naturali trattandole in modo sostenibile e rispettoso. Partecipando alle raccolte di Plastic Free Onlus vogliamo sostenere l&#8217;importanza che assume l&#8217;impegno di ognuno per proteggere l&#8217;ambiente e tutelare la biodiversit\u00e0. Invitiamo i cittadini di Firenze, Napoli, reggio Calabria, Roma e Torino a rispondere attivamente per rendere ancora pi\u00f9 efficace questa lodevole iniziativa&#8221;, <br \/>Per partecipare \u00e8 necessario registrarsi dal sito di Plastic Free www.plasticfreeonlus.it cercando gli appuntamenti nella sezione &#8220;eventi&#8221;.<br \/>(ITALPRESS).<\/div>\n<div id=\"div-gpt-ad-Messinaoggi.it-DSK-300x250-corpoart\" style=\"text-align:center;margin:0 auto;\"><\/div><\/p><div id=\"videoincontent\" style=\"clear:both\";><\/div>","protected":false},"excerpt":{"rendered":"<p>ROMA (ITALPRESS) &#8211; Bayer Italia continua il proprio impegno verso la sostenibilit\u00e0 ambientale e sociale supportando l&#8217;Associazione Plastic Free Onlus, nata nel 2019 con l&#8217;obiettivo di informare e sensibilizzare pi\u00f9 persone possibili sul tema della protezione ambientale e dei rifiuti dispersi in natura.Tema che si lega allo scopo &#8220;Science for a Better Life&#8221; e alla [&hellip;]<\/p>\n","protected":false},"author":18,"featured_media":88345,"comment_status":"closed","ping_status":"closed","sticky":false,"template":"","format":"standard","meta":{"ub_ctt_via":"","_mi_skip_tracking":false},"categories":[446],"tags":[783],"featured_image_src":"https:\/\/www.messinaoggi.it\/website\/wp-content\/uploads\/2021\/11\/20211123_1821.jpg","author_info":{"display_name":"Admin","author_link":"https:\/\/www.messinaoggi.it\/website\/author\/admin\/"},"digistream_id":0,"digistream":false,"_links":{"self":[{"href":"https:\/\/www.messinaoggi.it\/website\/wp-json\/wp\/v2\/posts\/88344"}],"collection":[{"href":"https:\/\/www.messinaoggi.it\/website\/wp-json\/wp\/v2\/posts"}],"about":[{"href":"https:\/\/www.messinaoggi.it\/website\/wp-json\/wp\/v2\/types\/post"}],"author":[{"embeddable":true,"href":"https:\/\/www.messinaoggi.it\/website\/wp-json\/wp\/v2\/users\/18"}],"replies":[{"embeddable":true,"href":"https:\/\/www.messinaoggi.it\/website\/wp-json\/wp\/v2\/comments?post=88344"}],"version-history":[{"count":0,"href":"https:\/\/www.messinaoggi.it\/website\/wp-json\/wp\/v2\/posts\/88344\/revisions"}],"wp:featuredmedia":[{"embeddable":true,"href":"https:\/\/www.messinaoggi.it\/website\/wp-json\/wp\/v2\/media\/88345"}],"wp:attachment":[{"href":"https:\/\/www.messinaoggi.it\/website\/wp-json\/wp\/v2\/media?parent=88344"}],"wp:term":[{"taxonomy":"category","embeddable":true,"href":"https:\/\/www.messinaoggi.it\/website\/wp-json\/wp\/v2\/categories?post=88344"},{"taxonomy":"post_tag","embeddable":true,"href":"https:\/\/www.messinaoggi.it\/website\/wp-json\/wp\/v2\/tags?post=88344"}],"curies":[{"name":"wp","href":"https:\/\/api.w.org\/{rel}","templated":true}]}}