{"id":8812,"date":"2017-10-02T09:54:38","date_gmt":"2017-10-02T07:54:38","guid":{"rendered":"http:\/\/www.messinaoggi.it\/website\/?p=8812"},"modified":"2017-10-02T09:54:38","modified_gmt":"2017-10-02T07:54:38","slug":"la-giungla-del-torrente-annunziata-le-lezioni-del-passato-non-sono-servite","status":"publish","type":"post","link":"https:\/\/www.messinaoggi.it\/website\/2017\/10\/02\/la-giungla-del-torrente-annunziata-le-lezioni-del-passato-non-sono-servite\/","title":{"rendered":"La giungla del torrente Annunziata, le lezioni del passato non sono servite"},"content":{"rendered":"<p>Prevenzione questa sconosciuta a Messina: si pu\u00f2 sintetizzare cos\u00ec la situazione dei torrenti in una citt\u00e0 che nel recente passato ha dovuto fronteggiare l&#8217;emergenza alluvioni. A giudicare dalla foto, le lezioni non sono evidentemente servite anche se, ad onor del vero, qualche intervento a macchia di leopardo \u00e8 stato effettuato.<br \/>\nEcco come si trova la foce del torrente Annunziata, totalmente ostruita da erbacce e detriti. La segnalazione arriva da Orazio Polimeni, cittadino attivo della V Circoscrizione e presidente del comitato &#8221; Insieme per la Panoramica&#8221;, che chiede un intervento di bonifica in vista dell&#8217;imminente arrivo della stagione delle piogge. Polimeni ricorda che il 27 settembre del 1998, in quel torrente, mor\u00ec la famiglia Carit\u00e0. &#8220;.<div id=\"div-gpt-ad-Messinaoggi.it-DSK-300x250-corpoart\" style=\"text-align:center;margin:0 auto;\"><\/div><\/p>\n<div id=\"videoincontent\" style=\"clear:both\";><\/div>","protected":false},"excerpt":{"rendered":"<p>Prevenzione questa sconosciuta a Messina: si pu\u00f2 sintetizzare cos\u00ec la situazione dei torrenti in una citt\u00e0 che nel recente passato ha dovuto fronteggiare l&#8217;emergenza alluvioni. A giudicare dalla foto, le lezioni non sono evidentemente servite anche se, ad onor del vero, qualche intervento a macchia di leopardo \u00e8 stato effettuato. Ecco come si trova la [&hellip;]<\/p>\n","protected":false},"author":2,"featured_media":8813,"comment_status":"closed","ping_status":"open","sticky":false,"template":"","format":"standard","meta":{"ub_ctt_via":"","_mi_skip_tracking":false},"categories":[6],"tags":[],"featured_image_src":"https:\/\/www.messinaoggi.it\/website\/wp-content\/uploads\/2017\/10\/torrente-annunziata-2.jpg","author_info":{"display_name":"Redazione","author_link":"https:\/\/www.messinaoggi.it\/website\/author\/redazione\/"},"digistream_id":0,"digistream":false,"_links":{"self":[{"href":"https:\/\/www.messinaoggi.it\/website\/wp-json\/wp\/v2\/posts\/8812"}],"collection":[{"href":"https:\/\/www.messinaoggi.it\/website\/wp-json\/wp\/v2\/posts"}],"about":[{"href":"https:\/\/www.messinaoggi.it\/website\/wp-json\/wp\/v2\/types\/post"}],"author":[{"embeddable":true,"href":"https:\/\/www.messinaoggi.it\/website\/wp-json\/wp\/v2\/users\/2"}],"replies":[{"embeddable":true,"href":"https:\/\/www.messinaoggi.it\/website\/wp-json\/wp\/v2\/comments?post=8812"}],"version-history":[{"count":0,"href":"https:\/\/www.messinaoggi.it\/website\/wp-json\/wp\/v2\/posts\/8812\/revisions"}],"wp:featuredmedia":[{"embeddable":true,"href":"https:\/\/www.messinaoggi.it\/website\/wp-json\/wp\/v2\/media\/8813"}],"wp:attachment":[{"href":"https:\/\/www.messinaoggi.it\/website\/wp-json\/wp\/v2\/media?parent=8812"}],"wp:term":[{"taxonomy":"category","embeddable":true,"href":"https:\/\/www.messinaoggi.it\/website\/wp-json\/wp\/v2\/categories?post=8812"},{"taxonomy":"post_tag","embeddable":true,"href":"https:\/\/www.messinaoggi.it\/website\/wp-json\/wp\/v2\/tags?post=8812"}],"curies":[{"name":"wp","href":"https:\/\/api.w.org\/{rel}","templated":true}]}}