{"id":8800,"date":"2017-10-02T08:22:55","date_gmt":"2017-10-02T06:22:55","guid":{"rendered":"http:\/\/www.messinaoggi.it\/website\/?p=8800"},"modified":"2017-10-02T08:22:55","modified_gmt":"2017-10-02T06:22:55","slug":"regionali-armao-presentero-esposto-su-gestione-della-indecorosa-della-regione","status":"publish","type":"post","link":"https:\/\/www.messinaoggi.it\/website\/2017\/10\/02\/regionali-armao-presentero-esposto-su-gestione-della-indecorosa-della-regione\/","title":{"rendered":"Regionali, Armao: &quot;Presenter\u00f2 esposto su gestione della indecorosa della Regione&quot;"},"content":{"rendered":"<p>&#8220;In settimana, mi rechero&#8217; presso la Procura della Repubblica per presentare un esposto sulla gestione indecorosa e vergognosa della Pubblica Amministrazione regionale in questi giorni con assunzioni, finanziamenti, distribuzione indecorosa di risorse pubbliche&#8221;.<br \/>\nLo ha affermato Gaetano Armao, vicepresidente della Regione Siciliana designato del centrodestra e leader dei SicilianIndignati, aprendo la campagna elettorale a Palermo. &#8220;Vogliamo dare un volto nuovo e civile per una SICILIA credibile &#8211; ha proseguito Armao &#8211; che sa fare, che riduce le imposte, che pu\u00f2 parlare in qualsiasi parte del mondo e che pu\u00f2 essere la frontiera culturale ed economica dell&#8217;Europa; che pu\u00f2 essere un luogo innovativo dove le imprese possano crescere ed attratte mediante la fiscalita&#8217; di sviluppo, dove si possa essere liberi dalle clientele, dalla corruzione e dalla mafia&#8221;<div id=\"div-gpt-ad-Messinaoggi.it-DSK-300x250-corpoart\" style=\"text-align:center;margin:0 auto;\"><\/div><\/p>\n<div id=\"videoincontent\" style=\"clear:both\";><\/div>","protected":false},"excerpt":{"rendered":"<p>&#8220;In settimana, mi rechero&#8217; presso la Procura della Repubblica per presentare un esposto sulla gestione indecorosa e vergognosa della Pubblica Amministrazione regionale in questi giorni con assunzioni, finanziamenti, distribuzione indecorosa di risorse pubbliche&#8221;. Lo ha affermato Gaetano Armao, vicepresidente della Regione Siciliana designato del centrodestra e leader dei SicilianIndignati, aprendo la campagna elettorale a Palermo. [&hellip;]<\/p>\n","protected":false},"author":2,"featured_media":8221,"comment_status":"closed","ping_status":"open","sticky":false,"template":"","format":"standard","meta":{"ub_ctt_via":"","_mi_skip_tracking":false},"categories":[4],"tags":[],"featured_image_src":"https:\/\/www.messinaoggi.it\/website\/wp-content\/uploads\/2017\/09\/L-genovese-palaculturaRRP_7479-2.jpg","author_info":{"display_name":"Redazione","author_link":"https:\/\/www.messinaoggi.it\/website\/author\/redazione\/"},"digistream_id":0,"digistream":false,"_links":{"self":[{"href":"https:\/\/www.messinaoggi.it\/website\/wp-json\/wp\/v2\/posts\/8800"}],"collection":[{"href":"https:\/\/www.messinaoggi.it\/website\/wp-json\/wp\/v2\/posts"}],"about":[{"href":"https:\/\/www.messinaoggi.it\/website\/wp-json\/wp\/v2\/types\/post"}],"author":[{"embeddable":true,"href":"https:\/\/www.messinaoggi.it\/website\/wp-json\/wp\/v2\/users\/2"}],"replies":[{"embeddable":true,"href":"https:\/\/www.messinaoggi.it\/website\/wp-json\/wp\/v2\/comments?post=8800"}],"version-history":[{"count":0,"href":"https:\/\/www.messinaoggi.it\/website\/wp-json\/wp\/v2\/posts\/8800\/revisions"}],"wp:featuredmedia":[{"embeddable":true,"href":"https:\/\/www.messinaoggi.it\/website\/wp-json\/wp\/v2\/media\/8221"}],"wp:attachment":[{"href":"https:\/\/www.messinaoggi.it\/website\/wp-json\/wp\/v2\/media?parent=8800"}],"wp:term":[{"taxonomy":"category","embeddable":true,"href":"https:\/\/www.messinaoggi.it\/website\/wp-json\/wp\/v2\/categories?post=8800"},{"taxonomy":"post_tag","embeddable":true,"href":"https:\/\/www.messinaoggi.it\/website\/wp-json\/wp\/v2\/tags?post=8800"}],"curies":[{"name":"wp","href":"https:\/\/api.w.org\/{rel}","templated":true}]}}