{"id":8794,"date":"2017-10-01T21:30:09","date_gmt":"2017-10-01T19:30:09","guid":{"rendered":"http:\/\/www.messinaoggi.it\/website\/?p=8794"},"modified":"2017-10-01T21:30:09","modified_gmt":"2017-10-01T19:30:09","slug":"pensionato-trovato-morto-ucciso-con-una-fucilata","status":"publish","type":"post","link":"https:\/\/www.messinaoggi.it\/website\/2017\/10\/01\/pensionato-trovato-morto-ucciso-con-una-fucilata\/","title":{"rendered":"Pensionato trovato morto: ucciso con una fucilata"},"content":{"rendered":"<p>Pietro Lo Turco, pensionato di 64 anni, \u00e8 stato trovato ucciso in una strada di campagna di Mongiuffi Melia.<br \/>\nLa vittima, una guardia giurata in pensione, \u00e8 stata raggiunta da un colpo di fucile ed \u00e8 morta sul colpo. Secondo quanto ricostruito dagli investigatori, il pensionato era andato a prendere della legna ma non era tornato poi a casa. I&#8217; familiari si sono quindi messi a cercarlo e quando hanno scoperto il cadavere hanno chiamato i carabinieri che hanno fatto tutti i rilievi del caso.<br \/>\nSi sta indagando in tutte le direzioni: secondo i carabinieri potrebbe trattarsi di un omicidio ma anche di un ferimento casuale per un colpo sparato durante una battuta di caccia che ha colpito l&#8217;uomo. Domani verra&#8217; eseguita l&#8217;autopsia sul corpo del pensionato.<div id=\"div-gpt-ad-Messinaoggi.it-DSK-300x250-corpoart\" style=\"text-align:center;margin:0 auto;\"><\/div><\/p>\n<div id=\"videoincontent\" style=\"clear:both\";><\/div>","protected":false},"excerpt":{"rendered":"<p>Pietro Lo Turco, pensionato di 64 anni, \u00e8 stato trovato ucciso in una strada di campagna di Mongiuffi Melia. La vittima, una guardia giurata in pensione, \u00e8 stata raggiunta da un colpo di fucile ed \u00e8 morta sul colpo. Secondo quanto ricostruito dagli investigatori, il pensionato era andato a prendere della legna ma non era [&hellip;]<\/p>\n","protected":false},"author":2,"featured_media":6921,"comment_status":"closed","ping_status":"open","sticky":false,"template":"","format":"standard","meta":{"ub_ctt_via":"","_mi_skip_tracking":false},"categories":[19],"tags":[],"featured_image_src":"https:\/\/www.messinaoggi.it\/website\/wp-content\/uploads\/2017\/08\/carabinieri_auto-2.jpg","author_info":{"display_name":"Redazione","author_link":"https:\/\/www.messinaoggi.it\/website\/author\/redazione\/"},"digistream_id":0,"digistream":false,"_links":{"self":[{"href":"https:\/\/www.messinaoggi.it\/website\/wp-json\/wp\/v2\/posts\/8794"}],"collection":[{"href":"https:\/\/www.messinaoggi.it\/website\/wp-json\/wp\/v2\/posts"}],"about":[{"href":"https:\/\/www.messinaoggi.it\/website\/wp-json\/wp\/v2\/types\/post"}],"author":[{"embeddable":true,"href":"https:\/\/www.messinaoggi.it\/website\/wp-json\/wp\/v2\/users\/2"}],"replies":[{"embeddable":true,"href":"https:\/\/www.messinaoggi.it\/website\/wp-json\/wp\/v2\/comments?post=8794"}],"version-history":[{"count":0,"href":"https:\/\/www.messinaoggi.it\/website\/wp-json\/wp\/v2\/posts\/8794\/revisions"}],"wp:featuredmedia":[{"embeddable":true,"href":"https:\/\/www.messinaoggi.it\/website\/wp-json\/wp\/v2\/media\/6921"}],"wp:attachment":[{"href":"https:\/\/www.messinaoggi.it\/website\/wp-json\/wp\/v2\/media?parent=8794"}],"wp:term":[{"taxonomy":"category","embeddable":true,"href":"https:\/\/www.messinaoggi.it\/website\/wp-json\/wp\/v2\/categories?post=8794"},{"taxonomy":"post_tag","embeddable":true,"href":"https:\/\/www.messinaoggi.it\/website\/wp-json\/wp\/v2\/tags?post=8794"}],"curies":[{"name":"wp","href":"https:\/\/api.w.org\/{rel}","templated":true}]}}